{"headers": {"id": "ID", "ano": "Ano", "numero": "N\u00famero", "tipo__sigla": "Tipo de Mat\u00e9ria Legislativa/Sigla", "tipo__descricao": "Tipo de Mat\u00e9ria Legislativa/Descri\u00e7\u00e3o", "autoria": "Autorias", "texto_original": "Texto Original", "ementa": "Ementa"}, "results": [{"id": "1130", "ano": "2026", "numero": "4546", "tipo__sigla": "PLO", "tipo__descricao": "Projeto de Lei", "autoria": "", "texto_original": "http://sapl.jaru.ro.leg.br/media/sapl/public/materialegislativa/2026/1130/projeto_de_lei-4546.pdf", "ementa": "PROJETO DE LEI N\u00ba 4.546, DE 08 DE JANEIRO DE 2026"}, {"id": "1179", "ano": "2026", "numero": "4547", "tipo__sigla": "PLO", "tipo__descricao": "Projeto de Lei", "autoria": "Jeverson Luiz de Lima", "texto_original": "http://sapl.jaru.ro.leg.br/media/sapl/public/materialegislativa/2026/1179/projeto_de_lei-4547.pdf", "ementa": "PROJETO DE LEI N\u00ba 4.547, DE 08 DE JANEIRO DE 2026"}, {"id": "1180", "ano": "2026", "numero": "4549", "tipo__sigla": "PLO", "tipo__descricao": "Projeto de Lei", "autoria": "", "texto_original": "http://sapl.jaru.ro.leg.br/media/sapl/public/materialegislativa/2026/1180/projeto_de_lei-4549_3.pdf", "ementa": "PROJETO DE LEI N\u00ba 4549, DE 13 DE JANEIRO DE 2026"}, {"id": "1181", "ano": "2026", "numero": "4550", "tipo__sigla": "PLO", "tipo__descricao": "Projeto de Lei", "autoria": "", "texto_original": "http://sapl.jaru.ro.leg.br/media/sapl/public/materialegislativa/2026/1181/projeto_de_lei-4550.pdf", "ementa": "PROJETO DE LEI N\u00ba 4.550, DE 14 DE JANEIRO DE 2026"}, {"id": "1183", "ano": "2026", "numero": "4551", "tipo__sigla": "PLO", "tipo__descricao": "Projeto de Lei", "autoria": "", "texto_original": "http://sapl.jaru.ro.leg.br/media/sapl/public/materialegislativa/2026/1183/projeto_de_lei-4551.pdf", "ementa": "PROJETO DE LEI N\u00ba 4.551, DE 14 DE JANEIRO DE 2026"}, {"id": "1184", "ano": "2026", "numero": "4552", "tipo__sigla": "PLO", "tipo__descricao": "Projeto de Lei", "autoria": "", "texto_original": "http://sapl.jaru.ro.leg.br/media/sapl/public/materialegislativa/2026/1184/projeto_de_lei-4552.pdf", "ementa": "PROJETO DE LEI N\u00ba 4.552, DE 15 DE JANEIRO DE 2026"}, {"id": "1286", "ano": "2026", "numero": "4664", "tipo__sigla": "PLO", "tipo__descricao": "Projeto de Lei", "autoria": "Jeverson Luiz de Lima", "texto_original": "http://sapl.jaru.ro.leg.br/media/sapl/public/materialegislativa/2026/1286/pl_4664_1.pdf", "ementa": "Projeto de lei n\u00ba 4664, de 25 de fevereiro de 2026, que \"Altera a Lei n\u00ba 1.360, de 24 de mar\u00e7o de 2010, que disp\u00f5e sobre a permiss\u00e3o do servi\u00e7o de\r\nmotot\u00e1xi e moto-entrega no Munic\u00edpio de Jaru, e d\u00e1 outras provid\u00eancias."}, {"id": "1287", "ano": "2026", "numero": "4665", "tipo__sigla": "PLO", "tipo__descricao": "Projeto de Lei", "autoria": "Jeverson Luiz de Lima", "texto_original": "http://sapl.jaru.ro.leg.br/media/sapl/public/materialegislativa/2026/1287/pl_4665.pdf", "ementa": "Projeto de lei n\u00ba 4665, de 25 de fevereiro de 2026, que \"Altera a Lei n\u00ba 2.922, de 11 de maio de 2021, que disp\u00f5e sobre o servi\u00e7o p\u00fablico municipal de\r\nvigil\u00e2ncia de popula\u00e7\u00f5es animais e preven\u00e7\u00e3o e controle de zoonoses\"."}, {"id": "1358", "ano": "2026", "numero": "4680", "tipo__sigla": "PLO", "tipo__descricao": "Projeto de Lei", "autoria": "Jeverson Luiz de Lima", "texto_original": "http://sapl.jaru.ro.leg.br/media/sapl/public/materialegislativa/2026/1358/projeto_de_lei-4680.pdf", "ementa": "Projeto de lei n\u00ba 4.680 de 09 de mar\u00e7o de 2026, que \"Disp\u00f5e sobre abertura de cr\u00e9dito adicional suplementar por excesso de arrecada\u00e7\u00e3o no valor de R$ 405.000,00 (quatrocentos e cinco mil reais) na Unidade Or\u00e7amentaria: Secretaria Municipal de Infraestrutura e Servi\u00e7os P\u00fablicos\"."}, {"id": "1379", "ano": "2026", "numero": "4683", "tipo__sigla": "PLO", "tipo__descricao": "Projeto de Lei", "autoria": "", "texto_original": "http://sapl.jaru.ro.leg.br/media/sapl/public/materialegislativa/2026/1379/projeto_de_lei-4683.pdf", "ementa": "PROJETO DE LEI N\u00ba 4.683, DE 12 DE MAR\u00c7O DE 2026"}, {"id": "1380", "ano": "2026", "numero": "4684", "tipo__sigla": "PLO", "tipo__descricao": "Projeto de Lei", "autoria": "", "texto_original": "http://sapl.jaru.ro.leg.br/media/sapl/public/materialegislativa/2026/1380/projeto_de_lei-4684.pdf", "ementa": "PROJETO DE LEI N\u00ba 4.684, DE 13 DE MAR\u00c7O DE 2026"}, {"id": "1381", "ano": "2026", "numero": "4685", "tipo__sigla": "PLO", "tipo__descricao": "Projeto de Lei", "autoria": "", "texto_original": "http://sapl.jaru.ro.leg.br/media/sapl/public/materialegislativa/2026/1381/projeto_de_lei-4685.pdf", "ementa": "PROJETO DE LEI N\u00ba 4.685, DE 16 DE MAR\u00c7O DE 2026"}, {"id": "1448", "ano": "2026", "numero": "4691", "tipo__sigla": "PLO", "tipo__descricao": "Projeto de Lei", "autoria": "", "texto_original": "http://sapl.jaru.ro.leg.br/media/sapl/public/materialegislativa/2026/1448/projeto_de_lei-4691.pdf", "ementa": "PROJETO DE LEI N\u00ba 4.691, DE 20 DE MAR\u00c7O DE 2026, Autoriza o Poder Executivo abrir no or\u00e7amento vigente cr\u00e9dito adicional suplementar"}, {"id": "1471", "ano": "2026", "numero": "4703", "tipo__sigla": "PLO", "tipo__descricao": "Projeto de Lei", "autoria": "", "texto_original": "http://sapl.jaru.ro.leg.br/media/sapl/public/materialegislativa/2026/1471/projeto_de_lei-4703.pdf", "ementa": "Projeto de lei n\u00ba 4.703, de 02 de abril de 2026, que \"Disp\u00f5e sobre abertura de cr\u00e9dito adicional especial por superavit financeiro no valor de R$ 9.865,03 (nove mil, oitocentos e sessenta e cinco reais e tr\u00eas centavos), na unidade or\u00e7ament\u00e1ria: Fundo Municipal de Sa\u00fade para fins que especifica\"."}, {"id": "1472", "ano": "2026", "numero": "4704", "tipo__sigla": "PLO", "tipo__descricao": "Projeto de Lei", "autoria": "", "texto_original": "http://sapl.jaru.ro.leg.br/media/sapl/public/materialegislativa/2026/1472/projeto_de_lei-4704.pdf", "ementa": "PROJETO DE LEI N\u00ba 4.704, DE 06 DE ABRIL DE 2026 Autoriza o Poder Executivo abrir no or\u00e7amento vigente cr\u00e9dito adicional suplementar."}, {"id": "1483", "ano": "2026", "numero": "4705", "tipo__sigla": "PLO", "tipo__descricao": "Projeto de Lei", "autoria": "", "texto_original": "http://sapl.jaru.ro.leg.br/media/sapl/public/materialegislativa/2026/1483/projeto_de_lei-4705.pdf", "ementa": "PROJETO DE LEI N\u00ba 4.705, DE 08 DE ABRIL DE 2026 Autoriza o Poder Executivo abrir no or\u00e7amento vigente cr\u00e9dito adicional especial."}, {"id": "1484", "ano": "2026", "numero": "4706", "tipo__sigla": "PLO", "tipo__descricao": "Projeto de Lei", "autoria": "", "texto_original": "http://sapl.jaru.ro.leg.br/media/sapl/public/materialegislativa/2026/1484/projeto_de_lei-4706.pdf", "ementa": "PROJETO DE LEI N\u00ba 4.706, DE 08 DE ABRIL DE 2026 Autoriza o Poder Executivo abrir no or\u00e7amento vigente cr\u00e9dito adicional suplementar."}, {"id": "1485", "ano": "2026", "numero": "4707", "tipo__sigla": "PLO", "tipo__descricao": "Projeto de Lei", "autoria": "", "texto_original": "http://sapl.jaru.ro.leg.br/media/sapl/public/materialegislativa/2026/1485/projeto_de_lei-4707.pdf", "ementa": "PROJETO DE LEI N\u00ba 4.707, DE 09 DE ABRIL DE 2026 Autoriza o Poder Executivo abrir no or\u00e7amento vigente cr\u00e9dito adicional suplementar."}, {"id": "1486", "ano": "2026", "numero": "4708", "tipo__sigla": "PLO", "tipo__descricao": "Projeto de Lei", "autoria": "", "texto_original": "http://sapl.jaru.ro.leg.br/media/sapl/public/materialegislativa/2026/1486/projeto_de_lei-4708.pdf", "ementa": "PROJETO DE LEI N\u00ba 4.708, DE 09 DE ABRIL DE 2026 Autoriza o Poder Executivo abrir no or\u00e7amento vigente cr\u00e9dito adicional suplementar."}, {"id": "1487", "ano": "2026", "numero": "4709", "tipo__sigla": "PLO", "tipo__descricao": "Projeto de Lei", "autoria": "", "texto_original": "http://sapl.jaru.ro.leg.br/media/sapl/public/materialegislativa/2026/1487/projeto_de_lei-4709.pdf", "ementa": "PROJETO DE LEI N\u00ba 4.709, DE 09 DE ABRIL DE 2026 Autoriza o Poder Executivo abrir no or\u00e7amento vigente cr\u00e9dito adicional suplementar."}, {"id": "1488", "ano": "2026", "numero": "4710", "tipo__sigla": "PLO", "tipo__descricao": "Projeto de Lei", "autoria": "", "texto_original": "http://sapl.jaru.ro.leg.br/media/sapl/public/materialegislativa/2026/1488/projeto_de_lei-4710.pdf", "ementa": "PROJETO DE LEI N\u00ba 4.710, DE 09 DE ABRIL DE 2026 Autoriza o Poder Executivo abrir no or\u00e7amento vigente cr\u00e9dito adicional especial."}, {"id": "1245", "ano": "2026", "numero": "1", "tipo__sigla": "ASO", "tipo__descricao": "Ata da Sess\u00e3o Ordin\u00e1ria", "autoria": "", "texto_original": "http://sapl.jaru.ro.leg.br/media/sapl/public/materialegislativa/2026/1245/cmj_ata-01_organized.pdf", "ementa": "ATA 1\u00aa SESS\u00c3O ORDIN\u00c1RIA"}, {"id": "1246", "ano": "2026", "numero": "2", "tipo__sigla": "ASO", "tipo__descricao": "Ata da Sess\u00e3o Ordin\u00e1ria", "autoria": "", "texto_original": "http://sapl.jaru.ro.leg.br/media/sapl/public/materialegislativa/2026/1246/cmj_ata-02_organized.pdf", "ementa": "Ata 2\u00aa Sess\u00e3o Ordin\u00e1ria"}, {"id": "1247", "ano": "2026", "numero": "3", "tipo__sigla": "ASO", "tipo__descricao": "Ata da Sess\u00e3o Ordin\u00e1ria", "autoria": "", "texto_original": "http://sapl.jaru.ro.leg.br/media/sapl/public/materialegislativa/2026/1247/cmj_ata-03_organized.pdf", "ementa": "3\u00aa Sess\u00e3o Ordin\u00e1ria"}, {"id": "1348", "ano": "2026", "numero": "4", "tipo__sigla": "ASO", "tipo__descricao": "Ata da Sess\u00e3o Ordin\u00e1ria", "autoria": "Tatiane da Sa\u00fade", "texto_original": "http://sapl.jaru.ro.leg.br/media/sapl/public/materialegislativa/2026/1348/cmj_ata-4_4.pdf", "ementa": "ATA DA 04\u00aa SESS\u00c3O ORDIN\u00c1RIA DA C\u00c2MARA MUNICIPAL DE JARU/RO, DA 2\u00aa SE\u00c7\u00c3O LEGISLATIVA, DA 11\u00aa LEGISLATURA."}, {"id": "1354", "ano": "2026", "numero": "5", "tipo__sigla": "ASO", "tipo__descricao": "Ata da Sess\u00e3o Ordin\u00e1ria", "autoria": "", "texto_original": "http://sapl.jaru.ro.leg.br/media/sapl/public/materialegislativa/2026/1354/cmj_ata-5_4.pdf", "ementa": "ATA DA 05\u00aa SESS\u00c3O ORDIN\u00c1RIA DA C\u00c2MARA MUNICIPAL DE JARU/RO, DA 2\u00aa SE\u00c7\u00c3O LEGISLATIVA, DA 11\u00aa LEGISLATURA."}, {"id": "1375", "ano": "2026", "numero": "6", "tipo__sigla": "ASO", "tipo__descricao": "Ata da Sess\u00e3o Ordin\u00e1ria", "autoria": "", "texto_original": "http://sapl.jaru.ro.leg.br/media/sapl/public/materialegislativa/2026/1375/cmj_ata-6_5.pdf", "ementa": "Ata da 6\u00aa Sess\u00e3o Ordin\u00e1ria."}, {"id": "1445", "ano": "2026", "numero": "7", "tipo__sigla": "ASO", "tipo__descricao": "Ata da Sess\u00e3o Ordin\u00e1ria", "autoria": "", "texto_original": "http://sapl.jaru.ro.leg.br/media/sapl/public/materialegislativa/2026/1445/cmj_ata-07_1.pdf", "ementa": "Ata da 7\u00aa sess\u00e3o ordin\u00e1ria."}, {"id": "1451", "ano": "2026", "numero": "8", "tipo__sigla": "ASO", "tipo__descricao": "Ata da Sess\u00e3o Ordin\u00e1ria", "autoria": "", "texto_original": "http://sapl.jaru.ro.leg.br/media/sapl/public/materialegislativa/2026/1451/cmj_ata-08_1.pdf", "ementa": "ATA DA 08\u00aa SESS\u00c3O ORDIN\u00c1RIA DA C\u00c2MARA MUNICIPAL DE JARU/RO, DA 2\u00aa SE\u00c7\u00c3O LEGISLATIVA, DA 11\u00aa LEGISLATURA."}, {"id": "1459", "ano": "2026", "numero": "9", "tipo__sigla": "ASO", "tipo__descricao": "Ata da Sess\u00e3o Ordin\u00e1ria", "autoria": "", "texto_original": "http://sapl.jaru.ro.leg.br/media/sapl/public/materialegislativa/2026/1459/cmj_ata-9_8.pdf", "ementa": "ATA DA 09\u00aa SESS\u00c3O ORDIN\u00c1RIA DA C\u00c2MARA MUNICIPAL DE JARU/RO, DA 2\u00aa SE\u00c7\u00c3O LEGISLATIVA, DA 11\u00aa LEGISLATURA."}, {"id": "1489", "ano": "2026", "numero": "10", "tipo__sigla": "ASO", "tipo__descricao": "Ata da Sess\u00e3o Ordin\u00e1ria", "autoria": "", "texto_original": "http://sapl.jaru.ro.leg.br/media/sapl/public/materialegislativa/2026/1489/cmj_ata-10_5.pdf", "ementa": "ATA DA 10\u00aa SESS\u00c3O ORDIN\u00c1RIA DA C\u00c2MARA MUNICIPAL DE JARU/RO, DA 2\u00aa SE\u00c7\u00c3O LEGISLATIVA, DA 11\u00aa LEGISLATURA."}, {"id": "1127", "ano": "2026", "numero": "1", "tipo__sigla": "ASE", "tipo__descricao": "Ata da Sess\u00e3o Extraordin\u00e1ria", "autoria": "", "texto_original": "http://sapl.jaru.ro.leg.br/media/sapl/public/materialegislativa/2026/1127/cmj_ata-01.pdf", "ementa": "ATA DA 01 \u00aa SESS\u00c3O EXTRAORDIN\u00c1RIA DA C\u00c2MARA MUNICIPAL DE JARU/RO, DA 2\u00aa SESS\u00c3O LEGISLATIVA,\r\nDA 11\u00aa LEGISLATURA."}, {"id": "1182", "ano": "2026", "numero": "2", "tipo__sigla": "ASE", "tipo__descricao": "Ata da Sess\u00e3o Extraordin\u00e1ria", "autoria": "", "texto_original": "http://sapl.jaru.ro.leg.br/media/sapl/public/materialegislativa/2026/1182/cmj_ata-02.pdf", "ementa": "ATA DA 02 \u00aa SESS\u00c3O EXTRAORDIN\u00c1RIA DA C\u00c2MARA MUNICIPAL DE JARU/RO, DA 2\u00aa SESS\u00c3O LEGISLATIVA,\r\nDA 11\u00aa LEGISLATURA."}, {"id": "1248", "ano": "2026", "numero": "3", "tipo__sigla": "ASE", "tipo__descricao": "Ata da Sess\u00e3o Extraordin\u00e1ria", "autoria": "", "texto_original": "http://sapl.jaru.ro.leg.br/media/sapl/public/materialegislativa/2026/1248/cmj_ata-03_organized.pdf", "ementa": "3\u00aa Sess\u00e3o Extraordin\u00e1ria"}, {"id": "1249", "ano": "2026", "numero": "4", "tipo__sigla": "ASE", "tipo__descricao": "Ata da Sess\u00e3o Extraordin\u00e1ria", "autoria": "", "texto_original": "http://sapl.jaru.ro.leg.br/media/sapl/public/materialegislativa/2026/1249/cmj_ata-04_1_organized_1.pdf", "ementa": "4\u00aa Sess\u00e3o Extraordin\u00e1ria"}, {"id": "1250", "ano": "2026", "numero": "5", "tipo__sigla": "ASE", "tipo__descricao": "Ata da Sess\u00e3o Extraordin\u00e1ria", "autoria": "", "texto_original": "http://sapl.jaru.ro.leg.br/media/sapl/public/materialegislativa/2026/1250/cmj_ata-05_organized.pdf", "ementa": "5\u00aa Sess\u00e3o Extraordin\u00e1ria"}, {"id": "1346", "ano": "2026", "numero": "6", "tipo__sigla": "ASE", "tipo__descricao": "Ata da Sess\u00e3o Extraordin\u00e1ria", "autoria": "Tatiane da Sa\u00fade", "texto_original": "http://sapl.jaru.ro.leg.br/media/sapl/public/materialegislativa/2026/1346/cmj_ata-6_4.pdf", "ementa": "ATA DA 06\u00aa SESS\u00c3O EXTRAORDIN\u00c1RIA DA C\u00c2MARA MUNICIPAL DE JARU/RO, DA 2\u00aa SESS\u00c3O LEGISLATIVA,DA 11\u00aa LEGISLATURA."}, {"id": "1347", "ano": "2026", "numero": "7", "tipo__sigla": "ASE", "tipo__descricao": "Ata da Sess\u00e3o Extraordin\u00e1ria", "autoria": "Tatiane da Sa\u00fade", "texto_original": "http://sapl.jaru.ro.leg.br/media/sapl/public/materialegislativa/2026/1347/cmj_ata-7_5.pdf", "ementa": "ATA DA 7\u00aa SESS\u00c3O EXTRAORDIN\u00c1RIA DA C\u00c2MARA MUNICIPAL DE JARU/RO, DA 2\u00aa SESS\u00c3O LEGISLATIVA, DA 11\u00aa LEGISLATURA."}, {"id": "1351", "ano": "2026", "numero": "8", "tipo__sigla": "ASE", "tipo__descricao": "Ata da Sess\u00e3o Extraordin\u00e1ria", "autoria": "", "texto_original": "http://sapl.jaru.ro.leg.br/media/sapl/public/materialegislativa/2026/1351/cmj_ata-8_4.pdf", "ementa": "ATA DA 8\u00aa SESS\u00c3O EXTRAORDIN\u00c1RIA DA C\u00c2MARA MUNICIPAL DE JARU/RO, DA 2\u00aa SESS\u00c3O LEGISLATIVA, DA 11\u00aa LEGISLATURA."}, {"id": "1376", "ano": "2026", "numero": "9", "tipo__sigla": "ASE", "tipo__descricao": "Ata da Sess\u00e3o Extraordin\u00e1ria", "autoria": "", "texto_original": "http://sapl.jaru.ro.leg.br/media/sapl/public/materialegislativa/2026/1376/cmj_ata-9_7.pdf", "ementa": "Ata da 9\u00aa Sess\u00e3o Extraordin\u00e1ria."}, {"id": "1461", "ano": "2026", "numero": "10", "tipo__sigla": "ASE", "tipo__descricao": "Ata da Sess\u00e3o Extraordin\u00e1ria", "autoria": "", "texto_original": "http://sapl.jaru.ro.leg.br/media/sapl/public/materialegislativa/2026/1461/cmj_ata-10_4.pdf", "ementa": "ATA DA 10\u00aa SESS\u00c3O EXTRAORDIN\u00c1RIA DA C\u00c2MARA MUNICIPAL DE JARU/RO, DA 2\u00aa SESS\u00c3O LEGISLATIVA, DA 11\u00aa LEGISLATURA."}, {"id": "1452", "ano": "2026", "numero": "11", "tipo__sigla": "ASE", "tipo__descricao": "Ata da Sess\u00e3o Extraordin\u00e1ria", "autoria": "", "texto_original": "http://sapl.jaru.ro.leg.br/media/sapl/public/materialegislativa/2026/1452/cmj_ata-11_6.pdf", "ementa": "ATA DA 11\u00aa SESS\u00c3O EXTRAORDIN\u00c1RIA DA C\u00c2MARA MUNICIPAL DE JARU/RO, DA 2\u00aa SESS\u00c3O LEGISLATIVA, DA 11\u00aa LEGISLATURA."}, {"id": "1460", "ano": "2026", "numero": "12", "tipo__sigla": "ASE", "tipo__descricao": "Ata da Sess\u00e3o Extraordin\u00e1ria", "autoria": "", "texto_original": "http://sapl.jaru.ro.leg.br/media/sapl/public/materialegislativa/2026/1460/cmj_ata-12_5.pdf", "ementa": "ATA DA 12\u00aa SESS\u00c3O EXTRAORDIN\u00c1RIA DA C\u00c2MARA MUNICIPAL DE JARU/RO, DA 2\u00aa SESS\u00c3O LEGISLATIVA, DA 11\u00aa LEGISLATURA."}, {"id": "1490", "ano": "2026", "numero": "13", "tipo__sigla": "ASE", "tipo__descricao": "Ata da Sess\u00e3o Extraordin\u00e1ria", "autoria": "", "texto_original": "http://sapl.jaru.ro.leg.br/media/sapl/public/materialegislativa/2026/1490/cmj_ata-13_3.pdf", "ementa": "ATA DA 13\u00aa SESS\u00c3O EXTRAORDIN\u00c1RIA DA C\u00c2MARA MUNICIPAL DE JARU/RO, DA 2\u00aa SESS\u00c3O LEGISLATIVA,DA 11\u00aa LEGISLATURA."}, {"id": "1497", "ano": "2026", "numero": "14", "tipo__sigla": "ASE", "tipo__descricao": "Ata da Sess\u00e3o Extraordin\u00e1ria", "autoria": "", "texto_original": "http://sapl.jaru.ro.leg.br/media/sapl/public/materialegislativa/2026/1497/cmj_ata-14_3.pdf", "ementa": "ATA DA 14\u00aa SESS\u00c3O EXTRAORDIN\u00c1RIA DA C\u00c2MARA MUNICIPAL DE JARU/RO, DA 2\u00aa SESS\u00c3O LEGISLATIVA,DA 11\u00aa LEGISLATURA."}, {"id": "1330", "ano": "2026", "numero": "1", "tipo__sigla": "LPSO", "tipo__descricao": "Lista de Presen\u00e7a da Sess\u00e3o Ordin\u00e1ria", "autoria": "", "texto_original": "http://sapl.jaru.ro.leg.br/media/sapl/public/materialegislativa/2026/1330/lista_de_presenca_da_1a_sessao_ordinaria.pdf", "ementa": "Lista de presen\u00e7a da 1\u00aa Sess\u00e3o Ordin\u00e1ria."}, {"id": "1331", "ano": "2026", "numero": "2", "tipo__sigla": "LPSO", "tipo__descricao": "Lista de Presen\u00e7a da Sess\u00e3o Ordin\u00e1ria", "autoria": "", "texto_original": "http://sapl.jaru.ro.leg.br/media/sapl/public/materialegislativa/2026/1331/lista_de_presenca_da_2a_sessao_ordinaria.pdf", "ementa": "Lista de presen\u00e7a da 2\u00aa Sess\u00e3o Ordin\u00e1ria."}, {"id": "1332", "ano": "2026", "numero": "3", "tipo__sigla": "LPSO", "tipo__descricao": "Lista de Presen\u00e7a da Sess\u00e3o Ordin\u00e1ria", "autoria": "", "texto_original": "http://sapl.jaru.ro.leg.br/media/sapl/public/materialegislativa/2026/1332/lista_de_presenca_da_3a_sessao_ordinaria.pdf", "ementa": "Lista de presen\u00e7a da 3\u00aa Sess\u00e3o Ordin\u00e1ria."}, {"id": "1333", "ano": "2026", "numero": "4", "tipo__sigla": "LPSO", "tipo__descricao": "Lista de Presen\u00e7a da Sess\u00e3o Ordin\u00e1ria", "autoria": "", "texto_original": "http://sapl.jaru.ro.leg.br/media/sapl/public/materialegislativa/2026/1333/lista_de_presenca_da_4a_sessao_ordinaria.pdf", "ementa": "Lista de presen\u00e7a da 4\u00aa Sess\u00e3o Ordin\u00e1ria."}, {"id": "1352", "ano": "2026", "numero": "5", "tipo__sigla": "LPSO", "tipo__descricao": "Lista de Presen\u00e7a da Sess\u00e3o Ordin\u00e1ria", "autoria": "", "texto_original": "http://sapl.jaru.ro.leg.br/media/sapl/public/materialegislativa/2026/1352/camscanner_10-03-2026_10.22.pdf", "ementa": "Lista de presen\u00e7a da 5\u00aa sess\u00e3o ordin\u00e1ria."}, {"id": "1373", "ano": "2026", "numero": "6", "tipo__sigla": "LPSO", "tipo__descricao": "Lista de Presen\u00e7a da Sess\u00e3o Ordin\u00e1ria", "autoria": "", "texto_original": "http://sapl.jaru.ro.leg.br/media/sapl/public/materialegislativa/2026/1373/camscanner_17-03-2026_11.32.pdf", "ementa": "6\u00aa SESS\u00c3O ORDIN\u00c1RIA"}, {"id": "1446", "ano": "2026", "numero": "7", "tipo__sigla": "LPSO", "tipo__descricao": "Lista de Presen\u00e7a da Sess\u00e3o Ordin\u00e1ria", "autoria": "", "texto_original": "http://sapl.jaru.ro.leg.br/media/sapl/public/materialegislativa/2026/1446/camscanner_24-03-2026_12.57_1.pdf", "ementa": "Lista de Presen\u00e7a da 7\u00aa sess\u00e3o ordin\u00e1ria"}, {"id": "1449", "ano": "2026", "numero": "8", "tipo__sigla": "LPSO", "tipo__descricao": "Lista de Presen\u00e7a da Sess\u00e3o Ordin\u00e1ria", "autoria": "", "texto_original": "http://sapl.jaru.ro.leg.br/media/sapl/public/materialegislativa/2026/1449/camscanner_01-04-2026_08.54.pdf", "ementa": "08\u00aa SESS\u00c3O ORDIN\u00c1RIA"}, {"id": "1453", "ano": "2026", "numero": "9", "tipo__sigla": "LPSO", "tipo__descricao": "Lista de Presen\u00e7a da Sess\u00e3o Ordin\u00e1ria", "autoria": "", "texto_original": "http://sapl.jaru.ro.leg.br/media/sapl/public/materialegislativa/2026/1453/camscanner_06-04-2026_11.46.pdf", "ementa": "9\u00aa Sess\u00e3o Ordin\u00e1ria"}, {"id": "1493", "ano": "2026", "numero": "10", "tipo__sigla": "LPSO", "tipo__descricao": "Lista de Presen\u00e7a da Sess\u00e3o Ordin\u00e1ria", "autoria": "", "texto_original": "http://sapl.jaru.ro.leg.br/media/sapl/public/materialegislativa/2026/1493/camscanner_14-04-2026_08.05.pdf", "ementa": "Lista de presen\u00e7a da 10\u00aa sess\u00e3o ordi\u00e1ria."}, {"id": "1129", "ano": "2026", "numero": "1", "tipo__sigla": "LPSE", "tipo__descricao": "Lista de Presen\u00e7a da Sess\u00e3o Extraordin\u00e1ria", "autoria": "", "texto_original": "http://sapl.jaru.ro.leg.br/media/sapl/public/materialegislativa/2026/1129/lista_de_presenca_1a_sessao_extraordinaria.pdf", "ementa": "Lista de presen\u00e7a da 1\u00aa sess\u00e3o extraordin\u00e1ria."}, {"id": "1334", "ano": "2026", "numero": "2", "tipo__sigla": "LPSE", "tipo__descricao": "Lista de Presen\u00e7a da Sess\u00e3o Extraordin\u00e1ria", "autoria": "", "texto_original": "http://sapl.jaru.ro.leg.br/media/sapl/public/materialegislativa/2026/1334/lista_de_presenca_da_2a_sessao_extraordinaria.pdf", "ementa": "Lista de presen\u00e7a da 2\u00aa Sess\u00e3o Extraordin\u00e1ria."}, {"id": "1335", "ano": "2026", "numero": "3", "tipo__sigla": "LPSE", "tipo__descricao": "Lista de Presen\u00e7a da Sess\u00e3o Extraordin\u00e1ria", "autoria": "", "texto_original": "http://sapl.jaru.ro.leg.br/media/sapl/public/materialegislativa/2026/1335/lista_de_presenca_da_3a_sessao_extraordinaria.pdf", "ementa": "Lista de presen\u00e7a da 3\u00aa Sess\u00e3o Extraordin\u00e1ria."}, {"id": "1336", "ano": "2026", "numero": "4", "tipo__sigla": "LPSE", "tipo__descricao": "Lista de Presen\u00e7a da Sess\u00e3o Extraordin\u00e1ria", "autoria": "", "texto_original": "http://sapl.jaru.ro.leg.br/media/sapl/public/materialegislativa/2026/1336/lista_de_presenca_da_4a_sessao_extraordinaria.pdf", "ementa": "Lista de presen\u00e7a da 4\u00aa Sess\u00e3o Extraordin\u00e1ria."}, {"id": "1337", "ano": "2026", "numero": "5", "tipo__sigla": "LPSE", "tipo__descricao": "Lista de Presen\u00e7a da Sess\u00e3o Extraordin\u00e1ria", "autoria": "", "texto_original": "http://sapl.jaru.ro.leg.br/media/sapl/public/materialegislativa/2026/1337/lista_de_presenca_da_5a_sessao_extraordinaria.pdf", "ementa": "Lista de presen\u00e7a da 5\u00aa Sess\u00e3o Extraordin\u00e1ria."}, {"id": "1338", "ano": "2026", "numero": "6", "tipo__sigla": "LPSE", "tipo__descricao": "Lista de Presen\u00e7a da Sess\u00e3o Extraordin\u00e1ria", "autoria": "", "texto_original": "http://sapl.jaru.ro.leg.br/media/sapl/public/materialegislativa/2026/1338/lista_de_presenca_da_6a_sessao_extraordinaria.pdf", "ementa": "Lista de presen\u00e7a da 6\u00aa Sess\u00e3o Extraordin\u00e1ria."}, {"id": "1339", "ano": "2026", "numero": "7", "tipo__sigla": "LPSE", "tipo__descricao": "Lista de Presen\u00e7a da Sess\u00e3o Extraordin\u00e1ria", "autoria": "", "texto_original": "http://sapl.jaru.ro.leg.br/media/sapl/public/materialegislativa/2026/1339/lista_de_presenca_da_7a_sessao_extraordinaria.pdf", "ementa": "Lista de presen\u00e7a da 7\u00aa Sess\u00e3o Extraordin\u00e1ria."}, {"id": "1353", "ano": "2026", "numero": "8", "tipo__sigla": "LPSE", "tipo__descricao": "Lista de Presen\u00e7a da Sess\u00e3o Extraordin\u00e1ria", "autoria": "", "texto_original": "http://sapl.jaru.ro.leg.br/media/sapl/public/materialegislativa/2026/1353/camscanner_10-03-2026_10.23.pdf", "ementa": "Lista de presen\u00e7a da 8\u00aa sess\u00e3o extraordin\u00e1ria."}, {"id": "1374", "ano": "2026", "numero": "9", "tipo__sigla": "LPSE", "tipo__descricao": "Lista de Presen\u00e7a da Sess\u00e3o Extraordin\u00e1ria", "autoria": "", "texto_original": "http://sapl.jaru.ro.leg.br/media/sapl/public/materialegislativa/2026/1374/camscanner_17-03-2026_11.33.pdf", "ementa": "9\u00aa SESS\u00c3O EXTRAORDIN\u00c1RIA"}, {"id": "1447", "ano": "2026", "numero": "10", "tipo__sigla": "LPSE", "tipo__descricao": "Lista de Presen\u00e7a da Sess\u00e3o Extraordin\u00e1ria", "autoria": "", "texto_original": "http://sapl.jaru.ro.leg.br/media/sapl/public/materialegislativa/2026/1447/camscanner_24-03-2026_12.59__-_10.pdf", "ementa": "Lista de presen\u00e7a da 10\u00aa sess\u00e3o extraordin\u00e1ria"}, {"id": "1450", "ano": "2026", "numero": "11", "tipo__sigla": "LPSE", "tipo__descricao": "Lista de Presen\u00e7a da Sess\u00e3o Extraordin\u00e1ria", "autoria": "", "texto_original": "http://sapl.jaru.ro.leg.br/media/sapl/public/materialegislativa/2026/1450/camscanner_01-04-2026_08.53.pdf", "ementa": "11\u00aa SESS\u00c3O EXTRAORDIN\u00c1RIA"}, {"id": "1454", "ano": "2026", "numero": "12", "tipo__sigla": "LPSE", "tipo__descricao": "Lista de Presen\u00e7a da Sess\u00e3o Extraordin\u00e1ria", "autoria": "", "texto_original": "http://sapl.jaru.ro.leg.br/media/sapl/public/materialegislativa/2026/1454/camscanner_06-04-2026_11.51.pdf", "ementa": "12\u00aa sess\u00e3o extraordin\u00e1ria"}, {"id": "1494", "ano": "2026", "numero": "13", "tipo__sigla": "LPSE", "tipo__descricao": "Lista de Presen\u00e7a da Sess\u00e3o Extraordin\u00e1ria", "autoria": "", "texto_original": "http://sapl.jaru.ro.leg.br/media/sapl/public/materialegislativa/2026/1494/camscanner_14-04-2026_08.06.pdf", "ementa": "Lista de presen\u00e7a da 13\u00aa sess\u00e3o extraordin\u00e1ria"}, {"id": "1495", "ano": "2026", "numero": "14", "tipo__sigla": "LPSE", "tipo__descricao": "Lista de Presen\u00e7a da Sess\u00e3o Extraordin\u00e1ria", "autoria": "", "texto_original": "http://sapl.jaru.ro.leg.br/media/sapl/public/materialegislativa/2026/1495/camscanner_17-04-2026_10.45_1.pdf", "ementa": "Lista de Presen\u00e7a da Sess\u00e3o Extraordin\u00e1ria"}, {"id": "1340", "ano": "2026", "numero": "1", "tipo__sigla": "ODO", "tipo__descricao": "Ordem do Dia da Sess\u00e3o Ordin\u00e1ria", "autoria": "", "texto_original": "http://sapl.jaru.ro.leg.br/media/sapl/public/materialegislativa/2026/1340/cmj_ordem_do_dia-01.pdf", "ementa": "Ordem do dia da 1\u00aa Sess\u00e3o Ordin\u00e1ria."}, {"id": "1341", "ano": "2026", "numero": "2", "tipo__sigla": "ODO", "tipo__descricao": "Ordem do Dia da Sess\u00e3o Ordin\u00e1ria", "autoria": "", "texto_original": "http://sapl.jaru.ro.leg.br/media/sapl/public/materialegislativa/2026/1341/cmj_ordem_do_dia-02.pdf", "ementa": "Ordem do dia da 2\u00aa Sess\u00e3o Ordin\u00e1ria."}, {"id": "1350", "ano": "2026", "numero": "5", "tipo__sigla": "ODO", "tipo__descricao": "Ordem do Dia da Sess\u00e3o Ordin\u00e1ria", "autoria": "", "texto_original": "http://sapl.jaru.ro.leg.br/media/sapl/public/materialegislativa/2026/1350/cmj_ordem_do_dia-5_4.pdf", "ementa": "05\u00aa SESS\u00c3O ORDIN\u00c1RIA"}, {"id": "1377", "ano": "2026", "numero": "6", "tipo__sigla": "ODO", "tipo__descricao": "Ordem do Dia da Sess\u00e3o Ordin\u00e1ria", "autoria": "", "texto_original": "http://sapl.jaru.ro.leg.br/media/sapl/public/materialegislativa/2026/1377/cmj_ordem_do_dia-6_3.pdf", "ementa": "Ordem do dia da 6\u00aa sess\u00e3o ordin\u00e1ria."}, {"id": "1443", "ano": "2026", "numero": "7", "tipo__sigla": "ODO", "tipo__descricao": "Ordem do Dia da Sess\u00e3o Ordin\u00e1ria", "autoria": "", "texto_original": "http://sapl.jaru.ro.leg.br/media/sapl/public/materialegislativa/2026/1443/cmj_ordem_do_dia-7_3.pdf", "ementa": "Ordem do dia da 7\u00aa sess\u00e3o ordin\u00e1ria."}, {"id": "1455", "ano": "2026", "numero": "8", "tipo__sigla": "ODO", "tipo__descricao": "Ordem do Dia da Sess\u00e3o Ordin\u00e1ria", "autoria": "", "texto_original": "http://sapl.jaru.ro.leg.br/media/sapl/public/materialegislativa/2026/1455/cmj_ordem_do_dia-8_5.pdf", "ementa": "08\u00aa SESS\u00c3O ORDIN\u00c1RIA"}, {"id": "1456", "ano": "2026", "numero": "9", "tipo__sigla": "ODO", "tipo__descricao": "Ordem do Dia da Sess\u00e3o Ordin\u00e1ria", "autoria": "", "texto_original": "http://sapl.jaru.ro.leg.br/media/sapl/public/materialegislativa/2026/1456/cmj_ordem_do_dia-9_5.pdf", "ementa": "09\u00aa SESS\u00c3O ORDIN\u00c1RIA"}, {"id": "1491", "ano": "2026", "numero": "10", "tipo__sigla": "ODO", "tipo__descricao": "Ordem do Dia da Sess\u00e3o Ordin\u00e1ria", "autoria": "", "texto_original": "http://sapl.jaru.ro.leg.br/media/sapl/public/materialegislativa/2026/1491/cmj_ordem_do_dia-10_6.pdf", "ementa": "10\u00aa SESS\u00c3O ORDIN\u00c1RIA"}, {"id": "1128", "ano": "2026", "numero": "1", "tipo__sigla": "ODSE", "tipo__descricao": "Ordem do Dia da Sess\u00e3o Extraordin\u00e1ria", "autoria": "", "texto_original": "http://sapl.jaru.ro.leg.br/media/sapl/public/materialegislativa/2026/1128/cmj_ordem_do_dia-1_4.pdf", "ementa": "1\u00aa SESS\u00c3O EXTRAORDIN\u00c1RIA, 2\u00aa SESS\u00c3O LEGISLATIVA, 11\u00aa LEGISLATURA"}, {"id": "1342", "ano": "2026", "numero": "2", "tipo__sigla": "ODSE", "tipo__descricao": "Ordem do Dia da Sess\u00e3o Extraordin\u00e1ria", "autoria": "", "texto_original": "http://sapl.jaru.ro.leg.br/media/sapl/public/materialegislativa/2026/1342/cmj_ordem_do_dia-2.pdf", "ementa": "Ordem do dia da 2\u00aa Sess\u00e3o Extraordin\u00e1ria."}, {"id": "1343", "ano": "2026", "numero": "3", "tipo__sigla": "ODSE", "tipo__descricao": "Ordem do Dia da Sess\u00e3o Extraordin\u00e1ria", "autoria": "", "texto_original": "http://sapl.jaru.ro.leg.br/media/sapl/public/materialegislativa/2026/1343/cmj_ordem_do_dia-3.pdf", "ementa": "Ordem do dia da 3\u00aa Sess\u00e3o Extraordin\u00e1ria."}, {"id": "1344", "ano": "2026", "numero": "4", "tipo__sigla": "ODSE", "tipo__descricao": "Ordem do Dia da Sess\u00e3o Extraordin\u00e1ria", "autoria": "", "texto_original": "http://sapl.jaru.ro.leg.br/media/sapl/public/materialegislativa/2026/1344/cmj_ordem_do_dia-4.pdf", "ementa": "Ordem do dia da 4\u00aa Sess\u00e3o Extraordin\u00e1ria."}, {"id": "1345", "ano": "2026", "numero": "5", "tipo__sigla": "ODSE", "tipo__descricao": "Ordem do Dia da Sess\u00e3o Extraordin\u00e1ria", "autoria": "", "texto_original": "http://sapl.jaru.ro.leg.br/media/sapl/public/materialegislativa/2026/1345/cmj_ordem_do_dia-5.pdf", "ementa": "Ordem do dia da 5\u00aa Sess\u00e3o Extraordin\u00e1ria"}, {"id": "1349", "ano": "2026", "numero": "8", "tipo__sigla": "ODSE", "tipo__descricao": "Ordem do Dia da Sess\u00e3o Extraordin\u00e1ria", "autoria": "", "texto_original": "http://sapl.jaru.ro.leg.br/media/sapl/public/materialegislativa/2026/1349/cmj_ordem_do_dia-8_3.pdf", "ementa": "8\u00aa SESS\u00c3O EXTRAORDIN\u00c1RIA"}, {"id": "1378", "ano": "2026", "numero": "9", "tipo__sigla": "ODSE", "tipo__descricao": "Ordem do Dia da Sess\u00e3o Extraordin\u00e1ria", "autoria": "", "texto_original": "http://sapl.jaru.ro.leg.br/media/sapl/public/materialegislativa/2026/1378/cmj_ordem_do_dia-9_4.pdf", "ementa": "Ordem do dia da 9\u00aa Sess\u00e3o Extraordin\u00e1ria."}, {"id": "1444", "ano": "2026", "numero": "10", "tipo__sigla": "ODSE", "tipo__descricao": "Ordem do Dia da Sess\u00e3o Extraordin\u00e1ria", "autoria": "", "texto_original": "http://sapl.jaru.ro.leg.br/media/sapl/public/materialegislativa/2026/1444/cmj_ordem_do_dia-10_4.pdf", "ementa": "Ordem do dia 10\u00aa sess\u00e3o extraordin\u00e1ria."}, {"id": "1463", "ano": "2026", "numero": "11", "tipo__sigla": "ODSE", "tipo__descricao": "Ordem do Dia da Sess\u00e3o Extraordin\u00e1ria", "autoria": "", "texto_original": "http://sapl.jaru.ro.leg.br/media/sapl/public/materialegislativa/2026/1463/cmj_ordem_do_dia-11_9.pdf", "ementa": "11\u00aa SESS\u00c3O EXTRAORDIN\u00c1RIA"}, {"id": "1458", "ano": "2026", "numero": "12", "tipo__sigla": "ODSE", "tipo__descricao": "Ordem do Dia da Sess\u00e3o Extraordin\u00e1ria", "autoria": "", "texto_original": "http://sapl.jaru.ro.leg.br/media/sapl/public/materialegislativa/2026/1458/cmj_ordem_do_dia-12_5.pdf", "ementa": "12\u00aa SESS\u00c3O EXTRAORDIN\u00c1RIA"}, {"id": "1492", "ano": "2026", "numero": "13", "tipo__sigla": "ODSE", "tipo__descricao": "Ordem do Dia da Sess\u00e3o Extraordin\u00e1ria", "autoria": "", "texto_original": "http://sapl.jaru.ro.leg.br/media/sapl/public/materialegislativa/2026/1492/cmj_ordem_do_dia-13_4.pdf", "ementa": "13\u00aa SESS\u00c3O EXTRAORDIN\u00c1RIA"}, {"id": "1496", "ano": "2026", "numero": "14", "tipo__sigla": "ODSE", "tipo__descricao": "Ordem do Dia da Sess\u00e3o Extraordin\u00e1ria", "autoria": "", "texto_original": "http://sapl.jaru.ro.leg.br/media/sapl/public/materialegislativa/2026/1496/14a_ses_extraordinaria_-2026.pdf", "ementa": "14\u00aa SESS\u00c3O EXTRAORDIN\u00c1RIA"}, {"id": "1356", "ano": "2026", "numero": "1", "tipo__sigla": "IND", "tipo__descricao": "Indica\u00e7\u00f5es", "autoria": "Tatiane da Sa\u00fade", "texto_original": "http://sapl.jaru.ro.leg.br/media/sapl/public/materialegislativa/2026/1356/cmj_indicacao-1_5.pdf", "ementa": "Indica\u00e7\u00e3o n\u00ba 1, de autoria da Presidente Tatiane da Sa\u00fade: Indica ao Chefe do Poder Executivo Municipal a instala\u00e7\u00e3o de lixeiras pet com disponibiliza\u00e7\u00e3o de saquinhos gratuitos em espa\u00e7os p\u00fablicos do munic\u00edpio, com o objetivo de incentivar o cuidado com os ambientes p\u00fablicos e promover o respeito e a conviv\u00eancia harmoniosa entre todos os cidad\u00e3os."}, {"id": "1361", "ano": "2026", "numero": "2", "tipo__sigla": "IND", "tipo__descricao": "Indica\u00e7\u00f5es", "autoria": "Tatiane da Sa\u00fade", "texto_original": "http://sapl.jaru.ro.leg.br/media/sapl/public/materialegislativa/2026/1361/cmj_indicacao-1_8.pdf", "ementa": "Indica\u00e7\u00e3o n\u00ba 2, de autoria da Presidente Tatiane da Sa\u00fade: Indica ao Chefe do Poder Executivo Municipal que seja realizada a distribui\u00e7\u00e3o de lixeiras para coleta seletiva ao longo da avenida principal do Distrito de Taril\u00e2ndia, atendendo \u00e0 solicita\u00e7\u00e3o do senhor Zedequias."}, {"id": "1362", "ano": "2026", "numero": "3", "tipo__sigla": "IND", "tipo__descricao": "Indica\u00e7\u00f5es", "autoria": "Tatiane da Sa\u00fade", "texto_original": "http://sapl.jaru.ro.leg.br/media/sapl/public/materialegislativa/2026/1362/cmj_indicacao-1_8.pdf", "ementa": "Indica\u00e7\u00e3o n\u00ba 3, de autoria da Presidente Tatiane da Sa\u00fade: Indica ao Chefe do Poder Executivo Municipal que seja realizada a melhoria da ilumina\u00e7\u00e3o p\u00fablica no trajeto da pista de caminhada da Av. Dom Pedro I e em seu entorno, especificamente no trecho localizado em frente a garagem da Eucatur, a pedido do Sr. Rog\u00e9rio."}, {"id": "1363", "ano": "2026", "numero": "4", "tipo__sigla": "IND", "tipo__descricao": "Indica\u00e7\u00f5es", "autoria": "Tatiane da Sa\u00fade", "texto_original": "http://sapl.jaru.ro.leg.br/media/sapl/public/materialegislativa/2026/1363/cmj_indicacao-1_8.pdf", "ementa": "Indica\u00e7\u00e3o n\u00ba 4, de autoria da Presidente Tatiane da Sa\u00fade: Indico ao Chefe do Poder Executivo Municipal que seja realizada a limpeza e remo\u00e7\u00e3o da terra acumulada na Rua 7 de Setembro, nas proximidades do n\u00ba 2969, a pedido da Sra. Marcela."}, {"id": "1364", "ano": "2026", "numero": "5", "tipo__sigla": "IND", "tipo__descricao": "Indica\u00e7\u00f5es", "autoria": "Tatiane da Sa\u00fade", "texto_original": "http://sapl.jaru.ro.leg.br/media/sapl/public/materialegislativa/2026/1364/cmj_indicacao-1_8.pdf", "ementa": "Indica\u00e7\u00e3o n\u00ba 5, de autoria da Presidente Tatiane da Sa\u00fade: Indica ao Chefe do Poder Executivo Municipal a viabilidade de contrata\u00e7\u00e3o de m\u00e9dico geriatra para atender a rede p\u00fablica de sa\u00fade do Munic\u00edpio de Jaru, a pedido da Sra. Rosilene."}, {"id": "1365", "ano": "2026", "numero": "6", "tipo__sigla": "IND", "tipo__descricao": "Indica\u00e7\u00f5es", "autoria": "Tatiane da Sa\u00fade", "texto_original": "http://sapl.jaru.ro.leg.br/media/sapl/public/materialegislativa/2026/1365/cmj_indicacao-1_8.pdf", "ementa": "Indica\u00e7\u00e3o n\u00ba 6, de autoria da Presidente Tatiane da Sa\u00fade: Indica ao Chefe do Poder Executivo Municipal a viabilidade de promover a equipara\u00e7\u00e3o salarial dos m\u00e9dicos efetivos, aprovados por concurso p\u00fablico, aos m\u00e9dicos contratados por meio de processo seletivo que atuam na rede p\u00fablica de sa\u00fade do Munic\u00edpio de Jaru."}, {"id": "1366", "ano": "2026", "numero": "7", "tipo__sigla": "IND", "tipo__descricao": "Indica\u00e7\u00f5es", "autoria": "Tatiane da Sa\u00fade", "texto_original": "http://sapl.jaru.ro.leg.br/media/sapl/public/materialegislativa/2026/1366/cmj_indicacao-1_8.pdf", "ementa": "Indica\u00e7\u00e3o n\u00ba 7, de autoria da Presidente Tatiane da Sa\u00fade: Indica ao Chefe do Poder Executivo Municipal que seja realizada a aquisi\u00e7\u00e3o de uma desmontadora de pneus para a Garagem Municipal, a pedido do Sr. Oldado."}, {"id": "1367", "ano": "2026", "numero": "8", "tipo__sigla": "IND", "tipo__descricao": "Indica\u00e7\u00f5es", "autoria": "Tatiane da Sa\u00fade", "texto_original": "http://sapl.jaru.ro.leg.br/media/sapl/public/materialegislativa/2026/1367/cmj_indicacao-1_8.pdf", "ementa": "Indica\u00e7\u00e3o n\u00ba 8, de autoria da Presidente Tatiane da Sa\u00fade: Indica ao Chefe do Poder Executivo Municipal que seja realizada a revitaliza\u00e7\u00e3o da via ou, de forma alternativa, a execu\u00e7\u00e3o de opera\u00e7\u00e3o tapa-buracos na Rua Jorge Teixeira, especificamente no trecho localizado em frente \u00e0 loja de materiais para constru\u00e7\u00e3o Ponto Certo, a pedido da Sra. Maria Cristina."}, {"id": "1368", "ano": "2026", "numero": "9", "tipo__sigla": "IND", "tipo__descricao": "Indica\u00e7\u00f5es", "autoria": "Tatiane da Sa\u00fade", "texto_original": "http://sapl.jaru.ro.leg.br/media/sapl/public/materialegislativa/2026/1368/cmj_indicacao-1_8.pdf", "ementa": "Indica\u00e7\u00e3o n\u00ba 9, de autoria da Presidente Tatiane da Sa\u00fade: Indico ao Chefe do Poder Executivo Municipal que seja viabilizada a instala\u00e7\u00e3o de trocadores infantis em todas as reparti\u00e7\u00f5es p\u00fablicas municipais que realizam atendimento ao p\u00fablico, garantindo condi\u00e7\u00f5es adequadas para o cuidado de crian\u00e7as pequenas durante a perman\u00eancia dos usu\u00e1rios nesses locais, a pedido do Sr. Jo\u00e3o Paulo."}, {"id": "1369", "ano": "2026", "numero": "10", "tipo__sigla": "IND", "tipo__descricao": "Indica\u00e7\u00f5es", "autoria": "Tatiane da Sa\u00fade", "texto_original": "http://sapl.jaru.ro.leg.br/media/sapl/public/materialegislativa/2026/1369/cmj_indicacao-1_8.pdf", "ementa": "Indica\u00e7\u00e3o n\u00ba 10, de autoria da Presidente Tatiane da Sa\u00fade: Indico ao Chefe do Poder Executivo Municipal que seja realizada a aquisi\u00e7\u00e3o de formul\u00e1rios de aplica\u00e7\u00e3o, testes e protocolos diagn\u00f3sticos especializados, destinados ao rastreamento e diagn\u00f3stico do Transtorno do Espectro Autista (TEA) e de outros transtornos do neurodesenvolvimento, para utiliza\u00e7\u00e3o na rede municipal de sa\u00fade."}, {"id": "1370", "ano": "2026", "numero": "11", "tipo__sigla": "IND", "tipo__descricao": "Indica\u00e7\u00f5es", "autoria": "Tatiane da Sa\u00fade", "texto_original": "http://sapl.jaru.ro.leg.br/media/sapl/public/materialegislativa/2026/1370/cmj_indicacao-1_8.pdf", "ementa": "Indica\u00e7\u00e3o n\u00ba 11, de autoria da Presidente Tatiane da Sa\u00fade: Indica ao Chefe do Poder Executivo Municipal que seja viabilizado o fornecimento de material escolar aos alunos atendidos pelo Clube de M\u00e3es do Munic\u00edpio."}, {"id": "1371", "ano": "2026", "numero": "12", "tipo__sigla": "IND", "tipo__descricao": "Indica\u00e7\u00f5es", "autoria": "Tatiane da Sa\u00fade", "texto_original": "http://sapl.jaru.ro.leg.br/media/sapl/public/materialegislativa/2026/1371/cmj_indicacao-1_8.pdf", "ementa": "Indica\u00e7\u00e3o n\u00ba 12, de autoria da Presidente Tatiane da Sa\u00fade: Indica ao Chefe do Poder Executivo que seja realizado a pavimenta\u00e7\u00e3o asf\u00e1ltica nos seguintes endere\u00e7os: Rua Frei Caneca, entre as ruas Paran\u00e1 e Dom Pedro, a pedido da Sra. Maria. Rua Frei Caneca, entre as ruas Florian\u00f3polis e Marechal Rondon, a pedido do Sr. Wanderley."}, {"id": "1372", "ano": "2026", "numero": "13", "tipo__sigla": "IND", "tipo__descricao": "Indica\u00e7\u00f5es", "autoria": "Tatiane da Sa\u00fade", "texto_original": "http://sapl.jaru.ro.leg.br/media/sapl/public/materialegislativa/2026/1372/cmj_indicacao-1_8.pdf", "ementa": "Indica\u00e7\u00e3o n\u00ba 13, de autoria da Presidente Tatiane da Sa\u00fade: Indica ao Chefe do Poder Executivo Municipal que seja realizado o reparo no pavimento asf\u00e1ltico da Rua Raimundo Barreto, especificamente no trecho localizado ao lado do Lavador Motocar."}, {"id": "1382", "ano": "2026", "numero": "15", "tipo__sigla": "IND", "tipo__descricao": "Indica\u00e7\u00f5es", "autoria": "", "texto_original": "http://sapl.jaru.ro.leg.br/media/sapl/public/materialegislativa/2026/1382/cmj_indicacao-2_9.pdf", "ementa": "Indica\u00e7\u00e3o n\u00ba 15, de autoria do Vereador Schimiti Patroleiro: Indica ao Chefe do Poder Executivo Municipal, que seja realizada a implanta\u00e7\u00e3o de tubo Armco de 3 metros de di\u00e2metro no rio Ubirajara, localizado na Linha 619, km 18, no munic\u00edpio de Jaru."}, {"id": "1383", "ano": "2026", "numero": "16", "tipo__sigla": "IND", "tipo__descricao": "Indica\u00e7\u00f5es", "autoria": "", "texto_original": "http://sapl.jaru.ro.leg.br/media/sapl/public/materialegislativa/2026/1383/cmj_indicacao-2_9.pdf", "ementa": "Indica\u00e7\u00e3o n\u00ba 16, de autoria do Vereador Schimiti Patroleiro: Indica ao Chefe do Poder Executivo Municipal, que seja realizada a implanta\u00e7\u00e3o de grades de prote\u00e7\u00e3o/guarda-corpos na esquina da Rua Cear\u00e1 com a Linha 605, especificamente no bueiro existente no local."}, {"id": "1384", "ano": "2026", "numero": "17", "tipo__sigla": "IND", "tipo__descricao": "Indica\u00e7\u00f5es", "autoria": "Rafael Lopes", "texto_original": "http://sapl.jaru.ro.leg.br/media/sapl/public/materialegislativa/2026/1384/cmj_indicacao-1_7.pdf", "ementa": "Indica\u00e7\u00e3o n\u00ba 17, de autoria do Vereador Rafael Lopes: Indica ao Excelent\u00edssimo Senhor Prefeito Municipal a limpeza de bueiro e analise para melhoria de drenagem de aguas pluviais na Rua Sebasti\u00e3o Henrique de Jesus, n\u00ba 2785, Setor 08, a pedido da moradora Regina."}, {"id": "1385", "ano": "2026", "numero": "18", "tipo__sigla": "IND", "tipo__descricao": "Indica\u00e7\u00f5es", "autoria": "", "texto_original": "http://sapl.jaru.ro.leg.br/media/sapl/public/materialegislativa/2026/1385/cmj_indicacao-2_10.pdf", "ementa": "Indica\u00e7\u00e3o n\u00ba 18, de autoria do Vereador Rafael Lopes: Indica ao Excelent\u00edssimo Senhor Prefeito Municipal a implanta\u00e7\u00e3o de uma sala de pr\u00e9-parto com acompanhamento de doula no Hospital Municipal Sandoval de Ara\u00fajo Dantas."}, {"id": "1386", "ano": "2026", "numero": "19", "tipo__sigla": "IND", "tipo__descricao": "Indica\u00e7\u00f5es", "autoria": "", "texto_original": "http://sapl.jaru.ro.leg.br/media/sapl/public/materialegislativa/2026/1386/cmj_indicacao-3_7.pdf", "ementa": "Indica\u00e7\u00e3o n\u00ba 19, de autoria do Vereador Rafael Lopes: Indica ao Excelent\u00edssimo Senhor Prefeito Municipal junto \u00e0 secretaria competente, a solicita\u00e7\u00e3o de envio de Projeto de Lei nos termos do Anteprojeto n\u00ba 002/2026 Disp\u00f5e sobre a possibilidade de convers\u00e3o do pagamento de multas de tr\u00e2nsito de natureza leve, aplicadas pelo Munic\u00edpio de Jaru, em doa\u00e7\u00e3o de sangue e de medula \u00f3ssea."}, {"id": "1387", "ano": "2026", "numero": "20", "tipo__sigla": "IND", "tipo__descricao": "Indica\u00e7\u00f5es", "autoria": "Rafael Lopes", "texto_original": "http://sapl.jaru.ro.leg.br/media/sapl/public/materialegislativa/2026/1387/cmj_indicacao-33_2.pdf", "ementa": "Indica\u00e7\u00e3o n\u00ba 20, de autoria do Vereador Rafael Lopes: Indica ao Excelent\u00edssimo Senhor Prefeito Municipal junto \u00e0 secretaria competente, a solicita\u00e7\u00e3o de envio de Projeto de Lei nos termos do Anteprojeto n\u00ba 001/2026 que Institui o Programa de Incentivo \u00e0 Cidadania Ativa, no munic\u00edpio de Jaru, autorizando a concess\u00e3o de recompensa por den\u00fancia que permita a identifica\u00e7\u00e3o e responsabiliza\u00e7\u00e3o de autores de infra\u00e7\u00f5es contra o meio ambiente, o patrim\u00f4nio p\u00fablico e a ordem p\u00fablica."}, {"id": "1388", "ano": "2026", "numero": "21", "tipo__sigla": "IND", "tipo__descricao": "Indica\u00e7\u00f5es", "autoria": "Sthella Almeida", "texto_original": "http://sapl.jaru.ro.leg.br/media/sapl/public/materialegislativa/2026/1388/cmj_indicacao-1_sthella_almeida.pdf", "ementa": "Indica\u00e7\u00e3o n\u00ba 21, de autoria da Vereadora Sthella Almeida: Indica ao Chefe do Poder Executivo Municipal a possibilidade de realizar a pavimenta\u00e7\u00e3o asf\u00e1ltica da Rua Crist\u00f3v\u00e3o Colombo, entre a Rua Santos Dumont e a Rua 13 de Maio, no Setor Jardim dos Estados."}, {"id": "1389", "ano": "2026", "numero": "22", "tipo__sigla": "IND", "tipo__descricao": "Indica\u00e7\u00f5es", "autoria": "Sthella Almeida", "texto_original": "http://sapl.jaru.ro.leg.br/media/sapl/public/materialegislativa/2026/1389/cmj_indicacao-1_sthella_almeida.pdf", "ementa": "Indica\u00e7\u00e3o n\u00ba 22, de autoria da Vereadora Sthella Almeida: Indica ao Chefe do Poder Executivo Municipal a possibilidade de realizar a pavimenta\u00e7\u00e3o asf\u00e1ltica da Rua 19 de Novembro, entre a Rua 13 de Maio e a Rua Santos Dumont, no Jardim dos Estados."}, {"id": "1390", "ano": "2026", "numero": "23", "tipo__sigla": "IND", "tipo__descricao": "Indica\u00e7\u00f5es", "autoria": "Sthella Almeida", "texto_original": "http://sapl.jaru.ro.leg.br/media/sapl/public/materialegislativa/2026/1390/cmj_indicacao-1_sthella_almeida.pdf", "ementa": "Indica\u00e7\u00e3o n\u00ba 23, de autoria da Vereadora Sthella Almeida: Indica ao Chefe do Poder Executivo Municipal a possibilidade de realizar a pavimenta\u00e7\u00e3o asf\u00e1ltica da Rua 25 de Mar\u00e7o, no Setor 08."}, {"id": "1391", "ano": "2026", "numero": "24", "tipo__sigla": "IND", "tipo__descricao": "Indica\u00e7\u00f5es", "autoria": "Sthella Almeida", "texto_original": "http://sapl.jaru.ro.leg.br/media/sapl/public/materialegislativa/2026/1391/cmj_indicacao-1_sthella_almeida.pdf", "ementa": "Indica\u00e7\u00e3o n\u00ba 24, de autoria da Vereadora Sthella Almeida: Indica ao Chefe do Poder Executivo Municipal a possibilidade de realizar um paliativo Linha 621, em aproximadamente 1 km a partir da BR."}, {"id": "1392", "ano": "2026", "numero": "25", "tipo__sigla": "IND", "tipo__descricao": "Indica\u00e7\u00f5es", "autoria": "Sthella Almeida", "texto_original": "http://sapl.jaru.ro.leg.br/media/sapl/public/materialegislativa/2026/1392/cmj_indicacao-1_sthella_almeida.pdf", "ementa": "Indica\u00e7\u00e3o n\u00ba 25, de autoria da Vereadora Sthella Almeida: Indica ao Chefe do Poder Executivo Municipal a possibilidade de realizar manuten\u00e7\u00e3o vi\u00e1ria urgente na Rua Amazonas, entre a Rua Marechal Rondon e a Rua Padre Chiquinho."}, {"id": "1393", "ano": "2026", "numero": "26", "tipo__sigla": "IND", "tipo__descricao": "Indica\u00e7\u00f5es", "autoria": "Sthella Almeida", "texto_original": "http://sapl.jaru.ro.leg.br/media/sapl/public/materialegislativa/2026/1393/cmj_indicacao-1_sthella_almeida.pdf", "ementa": "Indica\u00e7\u00e3o n\u00ba 26, de autoria da Vereadora Sthella Almeida: Indica ao Chefe do Poder Executivo Municipal a possibilidade de realizar a\u00e7\u00f5es de limpeza urbana e medidas de conscientiza\u00e7\u00e3o ambiental na Rua Olavo Pires, com a Rua Padre Feij\u00f3, no final da via, acesso ao Moror\u00f3, incluindo a instala\u00e7\u00e3o de placa indicativa Proibido Jogar Lixo."}, {"id": "1394", "ano": "2026", "numero": "27", "tipo__sigla": "IND", "tipo__descricao": "Indica\u00e7\u00f5es", "autoria": "Sthella Almeida", "texto_original": "http://sapl.jaru.ro.leg.br/media/sapl/public/materialegislativa/2026/1394/cmj_indicacao-1_sthella_almeida.pdf", "ementa": "Indica\u00e7\u00e3o n\u00ba 27, de autoria da Vereadora Sthella Almeida: Indica ao Chefe do Poder Executivo Municipal a possibilidade de realizar a implanta\u00e7\u00e3o de quebra-molas na entrada do Bairro Orleans, atendendo \u00e0s solicita\u00e7\u00f5es dos moradores da localidade."}, {"id": "1395", "ano": "2026", "numero": "28", "tipo__sigla": "IND", "tipo__descricao": "Indica\u00e7\u00f5es", "autoria": "Sthella Almeida", "texto_original": "http://sapl.jaru.ro.leg.br/media/sapl/public/materialegislativa/2026/1395/cmj_indicacao-1_sthella_almeida.pdf", "ementa": "Indica\u00e7\u00e3o n\u00ba 28, de autoria da Vereadora Sthella Almeida: Indica ao Chefe do Poder Executivo Municipal a possibilidade de realizar a implanta\u00e7\u00e3o de quebra-molas na Linha 607, no trecho que liga ao Bairro Orleans."}, {"id": "1396", "ano": "2026", "numero": "29", "tipo__sigla": "IND", "tipo__descricao": "Indica\u00e7\u00f5es", "autoria": "Tatiane da Sa\u00fade", "texto_original": "http://sapl.jaru.ro.leg.br/media/sapl/public/materialegislativa/2026/1396/cmj_indicacao-2__tati.pdf", "ementa": "Indica\u00e7\u00e3o n\u00ba 29, de autoria da Presidente Tatiane da Sa\u00fade: Indica ao Chefe do Poder Executivo que seja realizado a pavimenta\u00e7\u00e3o asf\u00e1ltica nos seguintes endere\u00e7os: Rua Nilton de Oliveira, no trecho compreendido entre as Ruas Afonso Jos\u00e9 e Jo\u00e3o Batista, a pedido da Sra. Celia Regina; Rua Ruth Cardoso, no Setor 07, a pedido da Sra. Maria L\u00facia."}, {"id": "1397", "ano": "2026", "numero": "30", "tipo__sigla": "IND", "tipo__descricao": "Indica\u00e7\u00f5es", "autoria": "Tatiane da Sa\u00fade", "texto_original": "http://sapl.jaru.ro.leg.br/media/sapl/public/materialegislativa/2026/1397/cmj_indicacao-2__tati.pdf", "ementa": "Indica\u00e7\u00e3o n\u00ba 30, de autoria da Presidente Tatiane da Sa\u00fade: Indica ao Chefe do Poder Executivo Municipal a instala\u00e7\u00e3o de um quebra-molas na Avenida Rio Branco, em frente ao Laborat\u00f3rio Santa Clara, a pedido do Sr. \u00c1tila."}, {"id": "1398", "ano": "2026", "numero": "31", "tipo__sigla": "IND", "tipo__descricao": "Indica\u00e7\u00f5es", "autoria": "Tatiane da Sa\u00fade", "texto_original": "http://sapl.jaru.ro.leg.br/media/sapl/public/materialegislativa/2026/1398/cmj_indicacao-2__tati.pdf", "ementa": "Indica\u00e7\u00e3o n\u00ba 31, de autoria da Presidente Tatiane da Sa\u00fade: Indica ao Chefe do Poder Executivo Municipal a instala\u00e7\u00e3o de um quebra-molas na Linha 627, Km 4, a pedido do Sr. Roberto Francisco."}, {"id": "1399", "ano": "2026", "numero": "32", "tipo__sigla": "IND", "tipo__descricao": "Indica\u00e7\u00f5es", "autoria": "Tatiane da Sa\u00fade", "texto_original": "http://sapl.jaru.ro.leg.br/media/sapl/public/materialegislativa/2026/1399/cmj_indicacao-2__tati.pdf", "ementa": "Indica\u00e7\u00e3o n\u00ba 32, de autoria da Presidente Tatiane da Sa\u00fade: Indica ao Chefe do Poder Executivo Municipal que seja realizada a an\u00e1lise das condi\u00e7\u00f5es da Rua Carlos Norberto Bezerra, no Setor Industrial, onde moradores relatam a exist\u00eancia de bueiro entupido e comprometimento da trafegabilidade da via, a pedido da Sra. Dalva Terra."}, {"id": "1400", "ano": "2026", "numero": "33", "tipo__sigla": "IND", "tipo__descricao": "Indica\u00e7\u00f5es", "autoria": "Tatiane da Sa\u00fade", "texto_original": "http://sapl.jaru.ro.leg.br/media/sapl/public/materialegislativa/2026/1400/cmj_indicacao-2__tati.pdf", "ementa": "Indica\u00e7\u00e3o n\u00ba 33, de autoria da Presidente Tatiane da Sa\u00fade: Indica ao Chefe do Poder Executivo Municipal a implanta\u00e7\u00e3o de vagas de estacionamento destinadas a cadeirantes em frente aos col\u00e9gios municipais, devidamente sinalizadas e em conformidade com a legisla\u00e7\u00e3o vigente de acessibilidade, a pedido do Sr. Ademir."}, {"id": "1401", "ano": "2026", "numero": "34", "tipo__sigla": "IND", "tipo__descricao": "Indica\u00e7\u00f5es", "autoria": "Tatiane da Sa\u00fade", "texto_original": "http://sapl.jaru.ro.leg.br/media/sapl/public/materialegislativa/2026/1401/cmj_indicacao-2__tati.pdf", "ementa": "Indica\u00e7\u00e3o n\u00ba 34, de autoria da Presidente Tatiane da Sa\u00fade: Indica ao Chefe do Poder Executivo Municipal a constru\u00e7\u00e3o de Academias da Sa\u00fade no Centro de Sa\u00fade Marcelina Tereza Carvalho e no Centro de Sa\u00fade Marlene Vaz Lopes, com o objetivo de ampliar as a\u00e7\u00f5es de promo\u00e7\u00e3o, preven\u00e7\u00e3o e cuidado com a sa\u00fade da popula\u00e7\u00e3o."}, {"id": "1402", "ano": "2026", "numero": "35", "tipo__sigla": "IND", "tipo__descricao": "Indica\u00e7\u00f5es", "autoria": "Schimiti Patroleiro", "texto_original": "http://sapl.jaru.ro.leg.br/media/sapl/public/materialegislativa/2026/1402/cmj_indicacao-3_8.pdf", "ementa": "Indica\u00e7\u00e3o n\u00ba 35, de autoria do Vereador Schimiti Patroleiro: Indica ao Chefe do Poder Executivo Municipal que seja realizada a implanta\u00e7\u00e3o de cal\u00e7adas com rampas de acessibilidade, faixas de demarca\u00e7\u00e3o de estacionamento( marcas delimitadas de estacionamento) e placas de indica\u00e7\u00f5es  em torno da Rodovi\u00e1ria dos Colonos, em conformidade com as normas t\u00e9cnicas de acessibilidade vigentes, garantindo condi\u00e7\u00f5es adequadas de mobilidade, seguran\u00e7a e inclus\u00e3o para pedestres, em especial pessoas com defici\u00eancia, idosos, gestantes e pessoas com mobilidade reduzida."}, {"id": "1403", "ano": "2026", "numero": "36", "tipo__sigla": "IND", "tipo__descricao": "Indica\u00e7\u00f5es", "autoria": "Schimiti Patroleiro", "texto_original": "http://sapl.jaru.ro.leg.br/media/sapl/public/materialegislativa/2026/1403/cmj_indicacao-3_8.pdf", "ementa": "Indica\u00e7\u00e3o n\u00ba 36, de autoria do Vereador Schimiti Patroleiro: Indica ao Chefe do Poder Executivo Municipal que seja realizada a implanta\u00e7\u00e3o de caixa de bueiro com a respectiva tampa localizado na rua Nilton de Oliveira Ara\u00fajo, esquina com Padre Chiquinho setor 03."}, {"id": "1404", "ano": "2026", "numero": "37", "tipo__sigla": "IND", "tipo__descricao": "Indica\u00e7\u00f5es", "autoria": "Schimiti Patroleiro", "texto_original": "http://sapl.jaru.ro.leg.br/media/sapl/public/materialegislativa/2026/1404/cmj_indicacao-3_8.pdf", "ementa": "Indica\u00e7\u00e3o n\u00ba 37, de autoria do Vereador Schimiti Patroleiro: Indica ao Chefe do Poder Executivo Municipal que seja realizada a manuten\u00e7\u00e3o da Rua Francisco Pantoja, localizada no Setor 06, com aplica\u00e7\u00e3o de rejeito de asfalto, tendo em vista que a referida via encontra-se em p\u00e9ssimas condi\u00e7\u00f5es de trafegabilidade, com grande ac\u00famulo de lama, o que vem dificultando e, em muitos momentos, impossibilitando o acesso dos moradores \u00e0s suas pr\u00f3prias resid\u00eancias e garagens."}, {"id": "1405", "ano": "2026", "numero": "38", "tipo__sigla": "IND", "tipo__descricao": "Indica\u00e7\u00f5es", "autoria": "Tatiane da Sa\u00fade", "texto_original": "http://sapl.jaru.ro.leg.br/media/sapl/public/materialegislativa/2026/1405/cmj_indicacao-3_8.pdf", "ementa": "Indica\u00e7\u00e3o n\u00ba 38, de autoria do Vereador Schimiti Patroleiro: Indica ao Chefe do Poder Executivo Municipal que seja realizada a implanta\u00e7\u00e3o de pavimenta\u00e7\u00e3o asf\u00e1ltica na Rua Adalberto da Costa Gadelha, no trecho compreendido entre as ruas Leoberto Leite e Rio Grande do Norte, localizada no Setor 06 deste munic\u00edpio."}, {"id": "1406", "ano": "2026", "numero": "39", "tipo__sigla": "IND", "tipo__descricao": "Indica\u00e7\u00f5es", "autoria": "Suhelen Fernanda", "texto_original": "http://sapl.jaru.ro.leg.br/media/sapl/public/materialegislativa/2026/1406/cmj_indicacao-2_suhelen.pdf", "ementa": "Indica\u00e7\u00e3o n\u00ba 39, de autoria da Vereadora Suhelen Fernanda: Indica ao Chefe do Poder Executivo que seja realizada opera\u00e7\u00e3o tapa-buracos em frente \u00e0 Escola Aldemir, bem como limpeza da rua lateral \u00e0 referida unidade escolar."}, {"id": "1407", "ano": "2026", "numero": "40", "tipo__sigla": "IND", "tipo__descricao": "Indica\u00e7\u00f5es", "autoria": "Suhelen Fernanda", "texto_original": "http://sapl.jaru.ro.leg.br/media/sapl/public/materialegislativa/2026/1407/cmj_indicacao-2_suhelen.pdf", "ementa": "Indica\u00e7\u00e3o n\u00ba 40, de autoria da Vereadora Suhelen Fernanda: Indica a implanta\u00e7\u00e3o de um quebra-molas (redutor de velocidade) na Rua Tapaj\u00f3s, no trecho entre a rua Pl\u00e1cido e a rua Princesa Isabel."}, {"id": "1408", "ano": "2026", "numero": "41", "tipo__sigla": "IND", "tipo__descricao": "Indica\u00e7\u00f5es", "autoria": "Suhelen Fernanda", "texto_original": "http://sapl.jaru.ro.leg.br/media/sapl/public/materialegislativa/2026/1408/cmj_indicacao-2_suhelen.pdf", "ementa": "Indica\u00e7\u00e3o n\u00ba 41, de autoria da Vereadora Suhelen Fernanda: Indica a realiza\u00e7\u00e3o de opera\u00e7\u00e3o tapa-buracos no Residencial Orleans."}, {"id": "1409", "ano": "2026", "numero": "42", "tipo__sigla": "IND", "tipo__descricao": "Indica\u00e7\u00f5es", "autoria": "Suhelen Fernanda", "texto_original": "http://sapl.jaru.ro.leg.br/media/sapl/public/materialegislativa/2026/1409/cmj_indicacao-2_suhelen.pdf", "ementa": "Indica\u00e7\u00e3o n\u00ba 42, de autoria da Vereadora Suhelen Fernanda: Indica a manuten\u00e7\u00e3o e reparo do bueiro localizado na Rua Otaviano Neto."}, {"id": "1416", "ano": "2026", "numero": "43", "tipo__sigla": "IND", "tipo__descricao": "Indica\u00e7\u00f5es", "autoria": "", "texto_original": "http://sapl.jaru.ro.leg.br/media/sapl/public/materialegislativa/2026/1416/cmj_indicacao-5_3.pdf", "ementa": "Indica\u00e7\u00e3o n\u00ba 43, de autoria da Vereadora Suhelen Fernanda: Indica ao Chefe do Poder Executivo que seja realizado a pavimenta\u00e7\u00e3o asf\u00e1ltica na Rua C\u00e2ndido Portinari, no trecho entre a Rua Afonso Jos\u00e9 e a Rua Jo\u00e3o Batista, com o objetivo de melhorar a mobilidade urbana e as condi\u00e7\u00f5es de tr\u00e1fego da localidade."}, {"id": "1417", "ano": "2026", "numero": "44", "tipo__sigla": "IND", "tipo__descricao": "Indica\u00e7\u00f5es", "autoria": "", "texto_original": "http://sapl.jaru.ro.leg.br/media/sapl/public/materialegislativa/2026/1417/cmj_indicacao-5_3.pdf", "ementa": "Indica\u00e7\u00e3o n\u00ba 44, de autoria da Vereadora Suhelen Fernanda: Indica ao Chefe do Poder Executivo que seja realizado, a  constru\u00e7\u00e3o de uma pra\u00e7a p\u00fablica no bairro Parque Universit\u00e1rio 2, com espa\u00e7o adequado para lazer, conviv\u00eancia social e pr\u00e1tica de atividades recreativas e  implanta\u00e7\u00e3o de playground para as crian\u00e7as."}, {"id": "1418", "ano": "2026", "numero": "45", "tipo__sigla": "IND", "tipo__descricao": "Indica\u00e7\u00f5es", "autoria": "", "texto_original": "http://sapl.jaru.ro.leg.br/media/sapl/public/materialegislativa/2026/1418/cmj_indicacao-francisco.pdf", "ementa": "Indica\u00e7\u00e3o n\u00ba 45, de autoria do Vereador Chiquinho do Cacau: Indica ao Chefe do Poder Executivo que seja vista a possibilidade da Rua Tiradentes passar a ser m\u00e3o \u00fanica."}, {"id": "1419", "ano": "2026", "numero": "46", "tipo__sigla": "IND", "tipo__descricao": "Indica\u00e7\u00f5es", "autoria": "", "texto_original": "http://sapl.jaru.ro.leg.br/media/sapl/public/materialegislativa/2026/1419/cmj_indicacao-silvio.pdf", "ementa": "Indica\u00e7\u00e3o n\u00ba 46, de autoria do Vereador Schimiti Patroleiro: Indica ao Chefe do Poder Executivo Municipal que seja realizada a manuten\u00e7\u00e3o por meio da opera\u00e7\u00e3o tapa-buracos na Rua Ozeias Feitosa, no trecho compreendido entre a BR-364 e a Rua Margarete Costa."}, {"id": "1420", "ano": "2026", "numero": "47", "tipo__sigla": "IND", "tipo__descricao": "Indica\u00e7\u00f5es", "autoria": "", "texto_original": "http://sapl.jaru.ro.leg.br/media/sapl/public/materialegislativa/2026/1420/cmj_indicacao-silvio.pdf", "ementa": "Indica\u00e7\u00e3o n\u00ba 47, de autoria do Vereador Schimiti Patroleiro: Indica ao Chefe do Poder Executivo Municipal que seja realizada a implanta\u00e7\u00e3o de pavimenta\u00e7\u00e3o asf\u00e1ltica na Rua Aldemir Lima no trecho compreendido entre as ruas Monteiro Lobato, fim da rua no setor 06."}, {"id": "1422", "ano": "2026", "numero": "49", "tipo__sigla": "IND", "tipo__descricao": "Indica\u00e7\u00f5es", "autoria": "", "texto_original": "http://sapl.jaru.ro.leg.br/media/sapl/public/materialegislativa/2026/1422/cmj_indicacao-silvio.pdf", "ementa": "Indica\u00e7\u00e3o n\u00ba 49, de autoria do Vereador Schimiti Patroleiro: Indica ao Chefe do Poder Executivo Municipal que seja realizada a implanta\u00e7\u00e3o de pavimenta\u00e7\u00e3o asf\u00e1ltica na Rua Crist\u00f3v\u00e3o Colombo trecho compreendido entre as ruas Alberto Santos Dumont at\u00e9 a Get\u00falio Vargas."}, {"id": "1410", "ano": "2026", "numero": "64", "tipo__sigla": "IND", "tipo__descricao": "Indica\u00e7\u00f5es", "autoria": "Tatiane da Sa\u00fade", "texto_original": "http://sapl.jaru.ro.leg.br/media/sapl/public/materialegislativa/2026/1410/cmj_indicacao-_presidente.pdf", "ementa": "Indica\u00e7\u00e3o n\u00ba 64, de autoria da Vereadora e Presidente Tatiane da Sa\u00fade: Indica ao Chefe do Poder Executivo Municipal que seja realizada a melhoria da ilumina\u00e7\u00e3o p\u00fablica na Rua Orlando Leite de Carvalho, a pedido do Sr. Leandro."}, {"id": "1411", "ano": "2026", "numero": "65", "tipo__sigla": "IND", "tipo__descricao": "Indica\u00e7\u00f5es", "autoria": "Tatiane da Sa\u00fade", "texto_original": "http://sapl.jaru.ro.leg.br/media/sapl/public/materialegislativa/2026/1411/cmj_indicacao-_presidente.pdf", "ementa": "Indica\u00e7\u00e3o n\u00ba 65, de autoria da Vereadora e Presidente Tatiane da Sa\u00fade: Indica ao Chefe do Poder Executivo Municipal a instala\u00e7\u00e3o de um quebra-molas na Rua Euclides da Cunha, no trecho compreendido entre as ruas Padre Chiquinho e Marechal Rondon, a pedido da Sra. Nilva."}, {"id": "1412", "ano": "2026", "numero": "66", "tipo__sigla": "IND", "tipo__descricao": "Indica\u00e7\u00f5es", "autoria": "Tatiane da Sa\u00fade", "texto_original": "http://sapl.jaru.ro.leg.br/media/sapl/public/materialegislativa/2026/1412/cmj_indicacao-_presidente.pdf", "ementa": "Indica\u00e7\u00e3o n\u00ba 66, de autoria da Vereadora e Presidente Tatiane da Sa\u00fade: Indica ao Chefe do Poder Executivo Municipal a realiza\u00e7\u00e3o de pavimenta\u00e7\u00e3o asf\u00e1ltica na Rua Manoel Lacerda Ferraz, nos trechos que ainda n\u00e3o se encontram asfaltados, a pedido da Sra. Margarete."}, {"id": "1413", "ano": "2026", "numero": "67", "tipo__sigla": "IND", "tipo__descricao": "Indica\u00e7\u00f5es", "autoria": "Tatiane da Sa\u00fade", "texto_original": "http://sapl.jaru.ro.leg.br/media/sapl/public/materialegislativa/2026/1413/cmj_indicacao-6_-_suhelen.pdf", "ementa": "Indica\u00e7\u00e3o n\u00ba 67, de autoria da Vereadora Suhelen Fernanda: Indica ao Chefe do Poder Executivo que seja realizada opera\u00e7\u00e3o tapa-buracos  nas ruas do Loteamento Savana Park, tendo em vista a grande quantidade de buracos existentes nas via."}, {"id": "1414", "ano": "2026", "numero": "68", "tipo__sigla": "IND", "tipo__descricao": "Indica\u00e7\u00f5es", "autoria": "Suhelen Fernanda", "texto_original": "http://sapl.jaru.ro.leg.br/media/sapl/public/materialegislativa/2026/1414/cmj_indicacao-6_-_suhelen.pdf", "ementa": "Indica\u00e7\u00e3o n\u00ba 68, de autoria da Vereadora Suhelen Fernanda: Indica ao Chefe do Poder Executivo  que seja feito Reparo /ou Substitui\u00e7\u00e3o de Tampa de Bueiro Rua Florian\u00f3polis com Rua Padre Adolpho Rohl (em frente \u00e0 ACIJ)."}, {"id": "1415", "ano": "2026", "numero": "69", "tipo__sigla": "IND", "tipo__descricao": "Indica\u00e7\u00f5es", "autoria": "Suhelen Fernanda", "texto_original": "http://sapl.jaru.ro.leg.br/media/sapl/public/materialegislativa/2026/1415/cmj_indicacao-6_-_suhelen.pdf", "ementa": "Indica\u00e7\u00e3o n\u00ba 69, de autoria da Vereadora Suhelen Fernanda: Indica ao Chefe do Poder Executivo que seja feita a realiza\u00e7\u00e3o de pavimenta\u00e7\u00e3o asf\u00e1ltica da Rua Marechal Rondon, no trecho localizado na lateral da Escola Aldemir, no Setor 1-A."}, {"id": "1421", "ano": "2026", "numero": "70", "tipo__sigla": "IND", "tipo__descricao": "Indica\u00e7\u00f5es", "autoria": "", "texto_original": "http://sapl.jaru.ro.leg.br/media/sapl/public/materialegislativa/2026/1421/cmj_indicacao-silvio.pdf", "ementa": "Indica\u00e7\u00e3o n\u00ba 48, de autoria do Vereador Schimiti Patroleiro: Indica ao Chefe do Poder Executivo Municipal que seja realizada a implanta\u00e7\u00e3o de pavimenta\u00e7\u00e3o asf\u00e1ltica na Rua Crist\u00f3v\u00e3o Colombo trecho compreendido entre as ruas Alberto Santos Dumont at\u00e9 a Get\u00falio Vargas"}, {"id": "1423", "ano": "2026", "numero": "74", "tipo__sigla": "IND", "tipo__descricao": "Indica\u00e7\u00f5es", "autoria": "", "texto_original": "http://sapl.jaru.ro.leg.br/media/sapl/public/materialegislativa/2026/1423/cmj_indicacao-5_tatiane_-_auxiliares_de_creche.pdf", "ementa": "Indica\u00e7\u00e3o n\u00ba 74, de autoria da Vereadora e Presidente Tatiane da Sa\u00fade: Indica ao Chefe do Poder Executivo Municipal que encaminhe a esta Casa de Leis Projeto de Lei promovendo a regulamenta\u00e7\u00e3o e o enquadramento dos servidores ocupantes do cargo de Auxiliar de Creche no Plano de Carreira dos Profissionais da Educa\u00e7\u00e3o B\u00e1sica do Munic\u00edpio de Jaru, em conformidade com a Lei Federal n\u00ba 15.326/2026."}, {"id": "1424", "ano": "2026", "numero": "75", "tipo__sigla": "IND", "tipo__descricao": "Indica\u00e7\u00f5es", "autoria": "", "texto_original": "http://sapl.jaru.ro.leg.br/media/sapl/public/materialegislativa/2026/1424/01-cmj_indicacao-6_tatiane_-_remedio_em_casa.pdf", "ementa": "Indica\u00e7\u00e3o n\u00ba 75, de autoria da Vereadora e Presidente Tatiane da Sa\u00fade: Indica ao Chefe do Poder Executivo Municipal a institui\u00e7\u00e3o do Programa Rem\u00e9dio em Casa, que prev\u00ea a distribui\u00e7\u00e3o domiciliar de medicamentos de uso cont\u00ednuo para idosos, pessoas com defici\u00eancia ou mobilidade reduzida e portadores de doen\u00e7as cr\u00f4nicas no \u00e2mbito do munic\u00edpio de Jaru. Ser\u00e1 encaminhado, juntamente com a presente indica\u00e7\u00e3o, o respectivo anteprojeto de lei para aprecia\u00e7\u00e3o e an\u00e1lise do Poder Executivo."}, {"id": "1425", "ano": "2026", "numero": "76", "tipo__sigla": "IND", "tipo__descricao": "Indica\u00e7\u00f5es", "autoria": "", "texto_original": "http://sapl.jaru.ro.leg.br/media/sapl/public/materialegislativa/2026/1425/cmj_indicacao-7__tatiane_tv_hospital_da_crianca.pdf", "ementa": "Indica\u00e7\u00e3o n\u00ba 76, de autoria da Vereadora e Presidente Tatiane da Sa\u00fade: Indica ao Chefe do Poder Executivo Municipal a instala\u00e7\u00e3o de uma televis\u00e3o na recep\u00e7\u00e3o do Hospital da Crian\u00e7a, com o objetivo de proporcionar entretenimento e maior conforto \u00e0s crian\u00e7as durante o per\u00edodo de espera para atendimento."}, {"id": "1426", "ano": "2026", "numero": "77", "tipo__sigla": "IND", "tipo__descricao": "Indica\u00e7\u00f5es", "autoria": "", "texto_original": "http://sapl.jaru.ro.leg.br/media/sapl/public/materialegislativa/2026/1426/cmj_indicacao-4_4_-_francisco.pdf", "ementa": "Indica\u00e7\u00e3o n\u00ba 77, de autoria do Vereador Chiquinho do Cacau: Indica ao Poder Executivo Municipal, por meio da  Secretaria Municipal de Sa\u00fade, a necessidade de disponibiliza\u00e7\u00e3o de atendimento por Agente de Sa\u00fade para a Linha 603, a pedido da moradora Simone."}, {"id": "1427", "ano": "2026", "numero": "78", "tipo__sigla": "IND", "tipo__descricao": "Indica\u00e7\u00f5es", "autoria": "", "texto_original": "http://sapl.jaru.ro.leg.br/media/sapl/public/materialegislativa/2026/1427/cmj_indicacao-8__rafael.pdf", "ementa": "Indica\u00e7\u00e3o n\u00ba 78, de autoria do Vereador Rafael Lopes: Solicita que seja disponibilizado o acompanhamento de um t\u00e9cnico de enfermagem nos \u00f4nibus respons\u00e1veis pelo transporte intermunicipal de pacientes."}, {"id": "1428", "ano": "2026", "numero": "79", "tipo__sigla": "IND", "tipo__descricao": "Indica\u00e7\u00f5es", "autoria": "", "texto_original": "http://sapl.jaru.ro.leg.br/media/sapl/public/materialegislativa/2026/1428/cmj_indicacao-4_sthella.pdf", "ementa": "Indica\u00e7\u00e3o n\u00ba 79, de autoria da Vereadora Sthella Almeida: Indica ao Chefe do Poder Executivo Municipal a possibilidade de determinar ao setor competente a implanta\u00e7\u00e3o de faixa amarela de sinaliza\u00e7\u00e3o horizontal (proibi\u00e7\u00e3o de estacionamento) na Rua Afonso Jos\u00e9, esquina com a Rua Padre Adolfo Rohl, atendendo \u00e0 solicita\u00e7\u00e3o da Empres\u00e1ria M\u00f4nica."}, {"id": "1429", "ano": "2026", "numero": "80", "tipo__sigla": "IND", "tipo__descricao": "Indica\u00e7\u00f5es", "autoria": "", "texto_original": "http://sapl.jaru.ro.leg.br/media/sapl/public/materialegislativa/2026/1429/cmj_indicacao-4_sthella.pdf", "ementa": "Indica\u00e7\u00e3o n\u00ba 80, de autoria da Vereadora Sthella Almeida: Indica ao Chefe do Poder Executivo Municipal a possibilidade de determinar ao setor competente a realiza\u00e7\u00e3o de servi\u00e7os de pintura no muro da Unidade B\u00e1sica de Sa\u00fade (UBS) localizada no Setor 03, atendendo \u00e0 solicita\u00e7\u00e3o do Sr. Ueltom."}, {"id": "1430", "ano": "2026", "numero": "81", "tipo__sigla": "IND", "tipo__descricao": "Indica\u00e7\u00f5es", "autoria": "", "texto_original": "http://sapl.jaru.ro.leg.br/media/sapl/public/materialegislativa/2026/1430/cmj_indicacao-4_sthella.pdf", "ementa": "Indica\u00e7\u00e3o n\u00ba 81, de autoria da Vereadora Sthella Almeida: Indica ao Chefe do Poder Executivo Municipal a possibilidade de determinar ao setor competente a revitaliza\u00e7\u00e3o da faixa de pedestre localizada em frente \u00e0 APAE, tendo em vista que a sinaliza\u00e7\u00e3o horizontal encontra-se totalmente apagada, comprometendo a visibilidade e a seguran\u00e7a dos pedestres, atendendo \u00e0 solicita\u00e7\u00e3o da Sra. Simone."}, {"id": "1431", "ano": "2026", "numero": "82", "tipo__sigla": "IND", "tipo__descricao": "Indica\u00e7\u00f5es", "autoria": "", "texto_original": "http://sapl.jaru.ro.leg.br/media/sapl/public/materialegislativa/2026/1431/cmj_indicacao-2_ademar.pdf", "ementa": "Indica\u00e7\u00e3o n\u00ba 82, de autoria do Vereador Mestre Caf\u00e9: Indica ao Chefe do Poder Executivo para que seja feito a implanta\u00e7\u00e3o de quebra-molas na Rua Rio Grande do Sul, nas proximidades do n\u00famero 1910, no setor 04."}, {"id": "1432", "ano": "2026", "numero": "83", "tipo__sigla": "IND", "tipo__descricao": "Indica\u00e7\u00f5es", "autoria": "", "texto_original": "http://sapl.jaru.ro.leg.br/media/sapl/public/materialegislativa/2026/1432/cmj_indicacao-3_francisco_e_orlando.pdf", "ementa": "Indica\u00e7\u00e3o n\u00ba 83, de autoria do Vereador Chiquinho do Cacau e Orlando Costa: Indica ao Chefe do Poder Executivo que a viabilidade da cria\u00e7\u00e3o do Cart\u00e3o Vale Feira, destinado aos servidores p\u00fablicos municipais de Jaru/RO."}, {"id": "1433", "ano": "2026", "numero": "84", "tipo__sigla": "IND", "tipo__descricao": "Indica\u00e7\u00f5es", "autoria": "", "texto_original": "http://sapl.jaru.ro.leg.br/media/sapl/public/materialegislativa/2026/1433/cmj_indicacao-8__tatiane.pdf", "ementa": "Indica\u00e7\u00e3o n\u00ba 84, de autoria da Presidente Tatiane da Sa\u00fade: Indica ao Chefe do Poder Executivo Municipal que sejam adotadas as provid\u00eancias necess\u00e1rias para a aquisi\u00e7\u00e3o e disponibiliza\u00e7\u00e3o de sensores de monitoramento cont\u00ednuo de glicose (FreeStyle Libre) destinados aos pacientes insulinodependentes do Munic\u00edpio de Jaru."}, {"id": "1434", "ano": "2026", "numero": "85", "tipo__sigla": "IND", "tipo__descricao": "Indica\u00e7\u00f5es", "autoria": "", "texto_original": "http://sapl.jaru.ro.leg.br/media/sapl/public/materialegislativa/2026/1434/cmj_indicacao-9_tatiane_-_manutencao_da_via.pdf", "ementa": "Indica\u00e7\u00e3o n\u00ba 85, de autoria da Presidente Tatiane da Sa\u00fade: Indica ao Chefe do Poder Executivo Municipal que determine aos setores competentes a realiza\u00e7\u00e3o de vistoria e ado\u00e7\u00e3o das provid\u00eancias necess\u00e1rias para a manuten\u00e7\u00e3o da Rua Florian\u00f3polis, esquina com a Rua Mamor\u00e9, no munic\u00edpio de Jaru."}, {"id": "1435", "ano": "2026", "numero": "86", "tipo__sigla": "IND", "tipo__descricao": "Indica\u00e7\u00f5es", "autoria": "", "texto_original": "http://sapl.jaru.ro.leg.br/media/sapl/public/materialegislativa/2026/1435/cmj_indicacao-9_tatiane_-_manutencao_da_via.pdf", "ementa": "Indica\u00e7\u00e3o n\u00ba 86, de autoria da Presidente Tatiane da Sa\u00fade: Indica ao Chefe do Poder Executivo Municipal que determine aos setores competentes a realiza\u00e7\u00e3o de servi\u00e7os de limpeza, com corte da grama, bem como a an\u00e1lise da possibilidade de implanta\u00e7\u00e3o de cal\u00e7ada em um trecho da lateral da Escola Abr\u00e3o Rocha, localizado na Rua Marechal Rondon."}, {"id": "1436", "ano": "2026", "numero": "87", "tipo__sigla": "IND", "tipo__descricao": "Indica\u00e7\u00f5es", "autoria": "", "texto_original": "http://sapl.jaru.ro.leg.br/media/sapl/public/materialegislativa/2026/1436/cmj_indicacao-9_rafael.pdf", "ementa": "Indica\u00e7\u00e3o n\u00ba 87, de autoria do Vereador Rafael Lopes: Solicita a execu\u00e7\u00e3o de obra de asfaltamento na Rua Patrik Canuto, situada entre a Rua Afonso Jos\u00e9 e a Rua Nilton Valim, no setor 07, a pedido do morador Isac."}, {"id": "1437", "ano": "2026", "numero": "88", "tipo__sigla": "IND", "tipo__descricao": "Indica\u00e7\u00f5es", "autoria": "", "texto_original": "http://sapl.jaru.ro.leg.br/media/sapl/public/materialegislativa/2026/1437/cmj_indicacao-5_silvio.pdf", "ementa": "Indica\u00e7\u00e3o n\u00ba 88, de autoria do Vereador Schimiti Patroleiro: Indica ao Chefe do Poder Executivo Municipal que seja realizada a implanta\u00e7\u00e3o de tapa-buracos na Linha 627, no sentido ao Jardim Europa, neste munic\u00edpio."}, {"id": "1438", "ano": "2026", "numero": "89", "tipo__sigla": "IND", "tipo__descricao": "Indica\u00e7\u00f5es", "autoria": "", "texto_original": "http://sapl.jaru.ro.leg.br/media/", "ementa": "Indica\u00e7\u00e3o n\u00ba 89, de autoria do Vereador Schimiti Patroleiro: Indica ao Chefe do Poder Executivo Municipal que seja realizada a manuten\u00e7\u00e3o da estrada que d\u00e1 acesso \u00e0 Igreja Sagrada Fam\u00edlia, localizada no Bairro Jardim Europa, neste munic\u00edpio"}, {"id": "1439", "ano": "2026", "numero": "90", "tipo__sigla": "IND", "tipo__descricao": "Indica\u00e7\u00f5es", "autoria": "", "texto_original": "http://sapl.jaru.ro.leg.br/media/sapl/public/materialegislativa/2026/1439/cmj_indicacao-7_suhelen.pdf", "ementa": "Indica\u00e7\u00e3o n\u00ba 90, de autoria da Vereadora Suhelen Fernanda: Indica ao Chefe do Poder Executivo que seja providenciado a disponibiliza\u00e7\u00e3o de um profissional fisioterapeuta para atuar no Hospital da Crian\u00e7a, com foco no atendimento respirat\u00f3rio, especialmente diante do aumento de casos de bronquiolite em crian\u00e7as."}, {"id": "1440", "ano": "2026", "numero": "91", "tipo__sigla": "IND", "tipo__descricao": "Indica\u00e7\u00f5es", "autoria": "", "texto_original": "http://sapl.jaru.ro.leg.br/media/sapl/public/materialegislativa/2026/1440/cmj_indicacao-8_suhelen_-_tapa_buraco.pdf", "ementa": "Indica\u00e7\u00e3o n\u00ba 91, de autoria da Vereadora Suhelen Fernanda: Indica ao Chefe do Poder Executivo que seja realizado servi\u00e7o de tapa-buracos na Rua Beira Rio, no trecho compreendido entre as ruas Tiradentes e Belo Horizonte."}, {"id": "1441", "ano": "2026", "numero": "92", "tipo__sigla": "IND", "tipo__descricao": "Indica\u00e7\u00f5es", "autoria": "", "texto_original": "http://sapl.jaru.ro.leg.br/media/sapl/public/materialegislativa/2026/1441/cmj_indicacao-8_suhelen_-_tapa_buraco.pdf", "ementa": "Indica\u00e7\u00e3o n\u00ba 92, de autoria da Vereadora Suhelen Fernanda: Indica ao Chefe do Poder Executivo que servi\u00e7o de tapa-buracos na Rua Tapaj\u00f3s, no trecho compreendido entre as ruas Princesa Isabel e Rio Grande do Norte."}, {"id": "1442", "ano": "2026", "numero": "93", "tipo__sigla": "IND", "tipo__descricao": "Indica\u00e7\u00f5es", "autoria": "", "texto_original": "http://sapl.jaru.ro.leg.br/media/sapl/public/materialegislativa/2026/1442/cmj_indicacao-10_rafael_-_rua_goias.pdf", "ementa": "Indica\u00e7\u00e3o n\u00ba 93, de autoria do Vereador Rafael Lopes: Solicita a execu\u00e7\u00e3o de obra de asfaltamento na Rua Goi\u00e1s, localizada no Setor 07, a pedido da moradora Neide Silva."}]}