{"id":91,"__str__":"Indica\u00e7\u00f5es n\u00ba 72 de 2025","link_detail_backend":"/materia/91","metadata":{},"numero":72,"ano":2025,"numero_protocolo":null,"data_apresentacao":"2025-12-24","tipo_apresentacao":"E","data_publicacao":null,"numero_origem_externa":"","ano_origem_externa":null,"data_origem_externa":null,"apelido":"","dias_prazo":null,"data_fim_prazo":null,"em_tramitacao":false,"polemica":false,"objeto":"","complementar":false,"ementa":"Indica\u00e7\u00e3o n\u00ba  72, de Autoria do Vereador Jo\u00e3o Paulo, \u201cSolicita a instala\u00e7\u00e3o de faixa de pedestre na Av. Vereador Otaviano Pereira Neto, 652- St. 02, em frente ao port\u00e3o da faculdade FIMCA.\u2019\u2019","indexacao":"\u201cSolicita a instala\u00e7\u00e3o de faixa de pedestre na Av. Vereador Otaviano Pereira Neto, 652- St. 02, em frente ao port\u00e3o da faculdade FIMCA.\u2019\u2019","observacao":"","resultado":"","texto_original":null,"data_ultima_atualizacao":"2025-07-25T07:55:41.479787-04:00","ip":"201.94.146.152","ultima_edicao":"2025-07-25T07:54:33.849543-04:00","tipo":18,"regime_tramitacao":1,"tipo_origem_externa":null,"local_origem_externa":null,"user":3,"anexadas":[],"autores":[24]}