{"id":84,"__str__":"Indica\u00e7\u00f5es n\u00ba 64 de 2025","link_detail_backend":"/materia/84","metadata":{},"numero":64,"ano":2025,"numero_protocolo":null,"data_apresentacao":"2025-02-24","tipo_apresentacao":"E","data_publicacao":null,"numero_origem_externa":"","ano_origem_externa":null,"data_origem_externa":null,"apelido":"","dias_prazo":null,"data_fim_prazo":null,"em_tramitacao":false,"polemica":false,"objeto":"","complementar":false,"ementa":"Indica\u00e7\u00e3o n\u00ba  64, de Autoria da Vereadora Sthella Almeida, \u201cSolicita provid\u00eancias para a implanta\u00e7\u00e3o de uma Academia ao Ar Livre na Associa\u00e7\u00e3o dos Pequenos Produtores Rurais de Rio Alto na Linha 615 Km 12,5.\u2019","indexacao":"\u201cSolicita provid\u00eancias para a implanta\u00e7\u00e3o de uma Academia ao Ar Livre na Associa\u00e7\u00e3o dos Pequenos Produtores Rurais de Rio Alto na Linha 615 Km 12,5.\u2019","observacao":"","resultado":"","texto_original":null,"data_ultima_atualizacao":"2025-07-24T12:52:24.616421-04:00","ip":"201.94.146.152","ultima_edicao":"2025-07-24T12:51:04.147587-04:00","tipo":18,"regime_tramitacao":1,"tipo_origem_externa":null,"local_origem_externa":null,"user":3,"anexadas":[],"autores":[30]}