{"id":74,"__str__":"Indica\u00e7\u00f5es n\u00ba 54 de 2025","link_detail_backend":"/materia/74","metadata":{},"numero":54,"ano":2025,"numero_protocolo":null,"data_apresentacao":"2025-02-17","tipo_apresentacao":"E","data_publicacao":null,"numero_origem_externa":"","ano_origem_externa":null,"data_origem_externa":null,"apelido":"","dias_prazo":null,"data_fim_prazo":null,"em_tramitacao":false,"polemica":false,"objeto":"","complementar":false,"ementa":"Indica\u00e7\u00e3o n\u00ba  54, de Autoria do Vereador Orlando Costa, \u201cSolicita ao Chefe do Poder Executivo que seja feito um paliativo no travess\u00e3o da Linha 615, no km 18, travess\u00e3o este que d\u00e1 acesso \u00e0 Linha 617\u2019\u2019.","indexacao":"\u201cSolicita ao Chefe do Poder Executivo que seja feito um paliativo no travess\u00e3o da Linha 615, no km 18, travess\u00e3o este que d\u00e1 acesso \u00e0 Linha 617\u2019\u2019.","observacao":"","resultado":"","texto_original":null,"data_ultima_atualizacao":"2025-07-24T09:37:46.370618-04:00","ip":"201.94.146.152","ultima_edicao":"2025-07-24T09:33:00.735609-04:00","tipo":18,"regime_tramitacao":1,"tipo_origem_externa":null,"local_origem_externa":null,"user":3,"anexadas":[],"autores":[28]}