{"id":69,"__str__":"Indica\u00e7\u00f5es n\u00ba 49 de 2025","link_detail_backend":"/materia/69","metadata":{},"numero":49,"ano":2025,"numero_protocolo":null,"data_apresentacao":"2025-02-17","tipo_apresentacao":"E","data_publicacao":null,"numero_origem_externa":"","ano_origem_externa":null,"data_origem_externa":null,"apelido":"","dias_prazo":null,"data_fim_prazo":null,"em_tramitacao":false,"polemica":false,"objeto":"","complementar":false,"ementa":"Indica\u00e7\u00e3o n\u00ba  49, de Autoria da Vereadora Sthella Almeida, \u201cSolicita providencia para a reconstru\u00e7\u00e3o das tampas e limpeza de bueiros localizados na pra\u00e7a do Residencial Jardim Primavera\u2019\u2019.","indexacao":"\u201cSolicita providencia para a reconstru\u00e7\u00e3o das tampas e limpeza de bueiros localizados na pra\u00e7a do Residencial Jardim Primavera\u2019\u2019.","observacao":"","resultado":"","texto_original":null,"data_ultima_atualizacao":"2025-07-24T09:00:54.665281-04:00","ip":"201.94.146.152","ultima_edicao":"2025-07-24T08:59:50.798817-04:00","tipo":18,"regime_tramitacao":1,"tipo_origem_externa":null,"local_origem_externa":null,"user":3,"anexadas":[],"autores":[30]}