{"id":63,"__str__":"Indica\u00e7\u00f5es n\u00ba 43 de 2025","link_detail_backend":"/materia/63","metadata":{},"numero":43,"ano":2025,"numero_protocolo":null,"data_apresentacao":"2025-02-17","tipo_apresentacao":"E","data_publicacao":null,"numero_origem_externa":"","ano_origem_externa":null,"data_origem_externa":null,"apelido":"","dias_prazo":null,"data_fim_prazo":null,"em_tramitacao":false,"polemica":false,"objeto":"","complementar":false,"ementa":"Indica\u00e7\u00e3o n\u00ba  43, de Autoria da Vereadora Suhelen Fernanda, \u201cSolicita ao Poder Executivo  que seja feita a revitaliza\u00e7\u00e3o do Gin\u00e1sio de Esportes Sebasti\u00e3o Mesquita, incluindo reparos na estrutura f\u00edsica, melhorias na ilumina\u00e7\u00e3o, reforma dos banheiros e adequa\u00e7\u00e3o dos equipamentos esportivos para melhor atendimento \u00e0 popula\u00e7\u00e3o\u2019\u2019.","indexacao":"\u201cSolicita ao Poder Executivo  que seja feita a revitaliza\u00e7\u00e3o do Gin\u00e1sio de Esportes Sebasti\u00e3o Mesquita, incluindo reparos na estrutura f\u00edsica, melhorias na ilumina\u00e7\u00e3o, reforma dos banheiros e adequa\u00e7\u00e3o dos equipamentos esportivos para melhor atendimento \u00e0 popula\u00e7\u00e3o\u2019\u2019.","observacao":"","resultado":"","texto_original":"http://sapl.jaru.ro.leg.br/media/sapl/public/materialegislativa/2025/63/cmj_indicacao-3_6.pdf","data_ultima_atualizacao":"2025-07-24T08:16:11.227261-04:00","ip":"201.94.146.152","ultima_edicao":"2025-07-24T08:14:44.008500-04:00","tipo":18,"regime_tramitacao":1,"tipo_origem_externa":null,"local_origem_externa":null,"user":3,"anexadas":[],"autores":[18]}