{"id":62,"__str__":"Indica\u00e7\u00f5es n\u00ba 42 de 2025","link_detail_backend":"/materia/62","metadata":{},"numero":42,"ano":2025,"numero_protocolo":null,"data_apresentacao":"2025-02-17","tipo_apresentacao":"E","data_publicacao":null,"numero_origem_externa":"","ano_origem_externa":null,"data_origem_externa":null,"apelido":"","dias_prazo":null,"data_fim_prazo":null,"em_tramitacao":false,"polemica":false,"objeto":"","complementar":false,"ementa":"Indica\u00e7\u00e3o n\u00ba  42, de Autoria da Presidente e Vereadora Tatiane da Sa\u00fade e Vereadora Sthella de Almeida, \u201cIndica ao Chefe do Poder Executivo Municipal, a Possibilidade de Implanta\u00e7\u00e3o de uma Farm\u00e1cia B\u00e1sica no Centro de Sa\u00fade Marcelina Tereza de Carvalho\u2019\u2019.","indexacao":"\u201cIndica ao Chefe do Poder Executivo Municipal, a Possibilidade de Implanta\u00e7\u00e3o de uma Farm\u00e1cia B\u00e1sica no Centro de Sa\u00fade Marcelina Tereza de Carvalho\u2019\u2019.","observacao":"","resultado":"","texto_original":"http://sapl.jaru.ro.leg.br/media/sapl/public/materialegislativa/2025/62/cmj_indicacao-3_6.pdf","data_ultima_atualizacao":"2025-07-24T08:14:37.484604-04:00","ip":"201.94.146.152","ultima_edicao":"2025-07-24T08:13:07.023842-04:00","tipo":18,"regime_tramitacao":1,"tipo_origem_externa":null,"local_origem_externa":null,"user":3,"anexadas":[],"autores":[16]}