{"id":53,"__str__":"Indica\u00e7\u00f5es n\u00ba 33 de 2025","link_detail_backend":"/materia/53","metadata":{},"numero":33,"ano":2025,"numero_protocolo":null,"data_apresentacao":"2025-02-10","tipo_apresentacao":"","data_publicacao":null,"numero_origem_externa":"","ano_origem_externa":null,"data_origem_externa":null,"apelido":"","dias_prazo":null,"data_fim_prazo":null,"em_tramitacao":false,"polemica":false,"objeto":"","complementar":false,"ementa":"Indica\u00e7\u00e3o n\u00ba  33, de Autoria do Vereador Rafael Lopes, \u201cSolicita ao Poder Executivo  que seja feita pavimenta\u00e7\u00e3o asf\u00e1ltica para as seguintes ruas: Rua S\u00e3o Paulo - Setor 06, Rua Isaque Rassem  Setor Industrial, Rua Orlando Leite de Carvalho - Setor 02, Rua Ermano Santos -  Setor 07: trecho entre Rua Padre Chiquinho e Rua Afonso Jos\u00e9 \u2019\u2019.","indexacao":"\u201cSolicita ao Poder Executivo  que seja feita pavimenta\u00e7\u00e3o asf\u00e1ltica para as seguintes ruas: Rua S\u00e3o Paulo - Setor 06, Rua Isaque Rassem  Setor Industrial, Rua Orlando Leite de Carvalho - Setor 02, Rua Ermano Santos -  Setor 07: trecho entre Rua Padre Chiquinho e Rua Afonso Jos\u00e9 \u2019\u2019.","observacao":"","resultado":"","texto_original":null,"data_ultima_atualizacao":"2025-07-23T11:54:32.388247-04:00","ip":"201.94.146.152","ultima_edicao":"2025-07-23T11:53:45.344476-04:00","tipo":18,"regime_tramitacao":1,"tipo_origem_externa":null,"local_origem_externa":null,"user":3,"anexadas":[],"autores":[29]}