{"id":513,"__str__":"Indica\u00e7\u00f5es n\u00ba 385 de 2025","link_detail_backend":"/materia/513","metadata":{},"numero":385,"ano":2025,"numero_protocolo":null,"data_apresentacao":"2025-09-22","tipo_apresentacao":"E","data_publicacao":null,"numero_origem_externa":"","ano_origem_externa":null,"data_origem_externa":null,"apelido":"","dias_prazo":null,"data_fim_prazo":null,"em_tramitacao":false,"polemica":false,"objeto":"","complementar":false,"ementa":"Indica\u00e7\u00e3o n\u00ba 385, de autoria do  Vereador Chiquinho do Cacau: Solicita ao Chefe do Poder Executivo Municipal, por meio da Secretaria competente, a necessidade de providenciar, com urg\u00eancia, a coloca\u00e7\u00e3o de duas tampas de bueiro nas seguintes localidades: Rua Rio Branco, em frente ao n\u00ba 1520, Rua Rio de Janeiro, pr\u00f3ximo \u00e0 Padaria Ki-P\u00e3o. Os bueiros encontram-se com a tampa quebrada   tal situa\u00e7\u00e3o exige provid\u00eancias garantindo a seguran\u00e7a da comunidade.","indexacao":"Indica\u00e7\u00e3o n\u00ba 385, de autoria do  Vereador Chiquinho do Cacau: Solicita ao Chefe do Poder Executivo Municipal, por meio da Secretaria competente, a necessidade de providenciar, com urg\u00eancia, a coloca\u00e7\u00e3o de duas tampas de bueiro nas seguintes localidades: Rua Rio Branco, em frente ao n\u00ba 1520, Rua Rio de Janeiro, pr\u00f3ximo \u00e0 Padaria Ki-P\u00e3o. Os bueiros encontram-se com a tampa quebrada   tal situa\u00e7\u00e3o exige provid\u00eancias garantindo a seguran\u00e7a da comunidade.","observacao":"Indica\u00e7\u00e3o n\u00ba 385, de autoria do  Vereador Chiquinho do Cacau: Solicita ao Chefe do Poder Executivo Municipal, por meio da Secretaria competente, a necessidade de providenciar, com urg\u00eancia, a coloca\u00e7\u00e3o de duas tampas de bueiro nas seguintes localidades: Rua Rio Branco, em frente ao n\u00ba 1520, Rua Rio de Janeiro, pr\u00f3ximo \u00e0 Padaria Ki-P\u00e3o. Os bueiros encontram-se com a tampa quebrada   tal situa\u00e7\u00e3o exige provid\u00eancias garantindo a seguran\u00e7a da comunidade.","resultado":"","texto_original":null,"data_ultima_atualizacao":"2025-11-26T12:53:29.297720-04:00","ip":"201.94.146.152","ultima_edicao":"2025-11-26T12:51:23.142759-04:00","tipo":18,"regime_tramitacao":1,"tipo_origem_externa":null,"local_origem_externa":null,"user":3,"anexadas":[],"autores":[21]}