{"id":512,"__str__":"Indica\u00e7\u00f5es n\u00ba 384 de 2025","link_detail_backend":"/materia/512","metadata":{},"numero":384,"ano":2025,"numero_protocolo":null,"data_apresentacao":"2025-09-22","tipo_apresentacao":"E","data_publicacao":null,"numero_origem_externa":"","ano_origem_externa":null,"data_origem_externa":null,"apelido":"","dias_prazo":null,"data_fim_prazo":null,"em_tramitacao":false,"polemica":false,"objeto":"","complementar":false,"ementa":"Indica\u00e7\u00e3o n\u00ba 384, de autoria do  Vereador Rafael Lopes: Indica ao Excelent\u00edssimo Senhor Prefeito Municipal junto \u00e0 secretaria competente, a solicita\u00e7\u00e3o de envio de Projeto de Lei que Institui a Creche Municipal para Idosos no Munic\u00edpio de Jaru/RO e d\u00e1 outras provid\u00eancias. Em anexo a indica\u00e7\u00e3o segue anteprojeto.","indexacao":"Indica\u00e7\u00e3o n\u00ba 384, de autoria do  Vereador Rafael Lopes: Indica ao Excelent\u00edssimo Senhor Prefeito Municipal junto \u00e0 secretaria competente, a solicita\u00e7\u00e3o de envio de Projeto de Lei que Institui a Creche Municipal para Idosos no Munic\u00edpio de Jaru/RO e d\u00e1 outras provid\u00eancias. Em anexo a indica\u00e7\u00e3o segue anteprojeto.","observacao":"Indica\u00e7\u00e3o n\u00ba 384, de autoria do  Vereador Rafael Lopes: Indica ao Excelent\u00edssimo Senhor Prefeito Municipal junto \u00e0 secretaria competente, a solicita\u00e7\u00e3o de envio de Projeto de Lei que Institui a Creche Municipal para Idosos no Munic\u00edpio de Jaru/RO e d\u00e1 outras provid\u00eancias. Em anexo a indica\u00e7\u00e3o segue anteprojeto.","resultado":"","texto_original":null,"data_ultima_atualizacao":"2025-11-26T12:50:08.910145-04:00","ip":"201.94.146.152","ultima_edicao":"2025-11-26T12:49:09.477105-04:00","tipo":18,"regime_tramitacao":1,"tipo_origem_externa":null,"local_origem_externa":null,"user":3,"anexadas":[],"autores":[29]}