{"id":510,"__str__":"Indica\u00e7\u00f5es n\u00ba 382 de 2025","link_detail_backend":"/materia/510","metadata":{},"numero":382,"ano":2025,"numero_protocolo":null,"data_apresentacao":"2025-09-22","tipo_apresentacao":"E","data_publicacao":null,"numero_origem_externa":"","ano_origem_externa":null,"data_origem_externa":null,"apelido":"","dias_prazo":null,"data_fim_prazo":null,"em_tramitacao":false,"polemica":false,"objeto":"","complementar":false,"ementa":"Indica\u00e7\u00e3o n\u00ba 382, de autoria da  Vereadora Sthella Almeida: Indica ao Chefe do Poder Executivo Municipal a possibilidade de implanta\u00e7\u00e3o de hortas pedag\u00f3gicas em todas as escolas da rede municipal de ensino.","indexacao":"Indica\u00e7\u00e3o n\u00ba 382, de autoria da  Vereadora Sthella Almeida: Indica ao Chefe do Poder Executivo Municipal a possibilidade de implanta\u00e7\u00e3o de hortas pedag\u00f3gicas em todas as escolas da rede municipal de ensino.","observacao":"Indica\u00e7\u00e3o n\u00ba 382, de autoria da  Vereadora Sthella Almeida: Indica ao Chefe do Poder Executivo Municipal a possibilidade de implanta\u00e7\u00e3o de hortas pedag\u00f3gicas em todas as escolas da rede municipal de ensino.","resultado":"","texto_original":null,"data_ultima_atualizacao":"2025-11-26T12:47:09.043557-04:00","ip":"201.94.146.152","ultima_edicao":"2025-11-26T12:46:15.641274-04:00","tipo":18,"regime_tramitacao":1,"tipo_origem_externa":null,"local_origem_externa":null,"user":3,"anexadas":[],"autores":[30]}