{"id":50,"__str__":"Indica\u00e7\u00f5es n\u00ba 30 de 2025","link_detail_backend":"/materia/50","metadata":{},"numero":30,"ano":2025,"numero_protocolo":null,"data_apresentacao":"2025-02-10","tipo_apresentacao":"","data_publicacao":null,"numero_origem_externa":"","ano_origem_externa":null,"data_origem_externa":null,"apelido":"","dias_prazo":null,"data_fim_prazo":null,"em_tramitacao":false,"polemica":false,"objeto":"","complementar":false,"ementa":"Indica\u00e7\u00e3o n\u00ba  30, de Autoria da Vereadora Sthella de Almeida, \u201cSolicita ao Poder Executivo  provid\u00eancias para a implanta\u00e7\u00e3o de um Playground de Pl\u00e1stico Acess\u00edvel (PNE) na Pra\u00e7a do Jardim dos Estados, ao lado do CRAS I\u2019\u2019.","indexacao":"\u201cSolicita ao Poder Executivo  provid\u00eancias para a implanta\u00e7\u00e3o de um Playground de Pl\u00e1stico Acess\u00edvel (PNE) na Pra\u00e7a do Jardim dos Estados, ao lado do CRAS I\u2019\u2019.","observacao":"","resultado":"","texto_original":null,"data_ultima_atualizacao":"2025-07-23T11:51:17.691797-04:00","ip":"201.94.146.152","ultima_edicao":"2025-07-23T11:50:07.034966-04:00","tipo":18,"regime_tramitacao":1,"tipo_origem_externa":null,"local_origem_externa":null,"user":3,"anexadas":[],"autores":[30]}