{"id":506,"__str__":"Indica\u00e7\u00f5es n\u00ba 378 de 2025","link_detail_backend":"/materia/506","metadata":{},"numero":378,"ano":2025,"numero_protocolo":null,"data_apresentacao":"2025-09-22","tipo_apresentacao":"E","data_publicacao":null,"numero_origem_externa":"","ano_origem_externa":null,"data_origem_externa":null,"apelido":"","dias_prazo":null,"data_fim_prazo":null,"em_tramitacao":false,"polemica":false,"objeto":"","complementar":false,"ementa":"Indica\u00e7\u00e3o n\u00ba 378, de autoria da  Vereadora Sthella Almeida: Indica ao Chefe do Poder Executivo Municipal a possibilidade de revitaliza\u00e7\u00e3o da faixa de pedestres na Rua Raimundo Barreto, no Setor 07, A pedido dos Moradores.","indexacao":"Indica\u00e7\u00e3o n\u00ba 378, de autoria da  Vereadora Sthella Almeida: Indica ao Chefe do Poder Executivo Municipal a possibilidade de revitaliza\u00e7\u00e3o da faixa de pedestres na Rua Raimundo Barreto, no Setor 07, A pedido dos Moradores.","observacao":"Indica\u00e7\u00e3o n\u00ba 378, de autoria da  Vereadora Sthella Almeida: Indica ao Chefe do Poder Executivo Municipal a possibilidade de revitaliza\u00e7\u00e3o da faixa de pedestres na Rua Raimundo Barreto, no Setor 07, A pedido dos Moradores.","resultado":"","texto_original":null,"data_ultima_atualizacao":"2025-11-26T12:31:57.553884-04:00","ip":"201.94.146.152","ultima_edicao":"2025-11-26T12:24:57.153163-04:00","tipo":18,"regime_tramitacao":1,"tipo_origem_externa":null,"local_origem_externa":null,"user":3,"anexadas":[],"autores":[30]}