{"id":503,"__str__":"Indica\u00e7\u00f5es n\u00ba 375 de 2025","link_detail_backend":"/materia/503","metadata":{},"numero":375,"ano":2025,"numero_protocolo":null,"data_apresentacao":"2025-09-22","tipo_apresentacao":"E","data_publicacao":null,"numero_origem_externa":"","ano_origem_externa":null,"data_origem_externa":null,"apelido":"","dias_prazo":null,"data_fim_prazo":null,"em_tramitacao":false,"polemica":false,"objeto":"","complementar":false,"ementa":"Indica\u00e7\u00e3o n\u00ba 375, de autoria da  Vereadora Sthella Almeida: Indica ao Chefe do Poder Executivo Municipal a possibilidade de implanta\u00e7\u00e3o de um quebra-mola em frente \u00e0 Escola Jardim Primavera, localizada no Residencial Jardim Primavera, A pedido das m\u00e3es dos alunos.","indexacao":"Indica\u00e7\u00e3o n\u00ba 375, de autoria da  Vereadora Sthella Almeida: Indica ao Chefe do Poder Executivo Municipal a possibilidade de implanta\u00e7\u00e3o de um quebra-mola em frente \u00e0 Escola Jardim Primavera, localizada no Residencial Jardim Primavera, A pedido das m\u00e3es dos alunos.","observacao":"Indica\u00e7\u00e3o n\u00ba 375, de autoria da  Vereadora Sthella Almeida: Indica ao Chefe do Poder Executivo Municipal a possibilidade de implanta\u00e7\u00e3o de um quebra-mola em frente \u00e0 Escola Jardim Primavera, localizada no Residencial Jardim Primavera, A pedido das m\u00e3es dos alunos.","resultado":"","texto_original":null,"data_ultima_atualizacao":"2025-11-26T12:21:40.693229-04:00","ip":"201.94.146.152","ultima_edicao":"2025-11-26T12:19:12.173819-04:00","tipo":18,"regime_tramitacao":1,"tipo_origem_externa":null,"local_origem_externa":null,"user":3,"anexadas":[],"autores":[30]}