{"id":495,"__str__":"Indica\u00e7\u00f5es n\u00ba 367 de 2025","link_detail_backend":"/materia/495","metadata":{},"numero":367,"ano":2025,"numero_protocolo":null,"data_apresentacao":"2025-09-15","tipo_apresentacao":"E","data_publicacao":null,"numero_origem_externa":"","ano_origem_externa":null,"data_origem_externa":null,"apelido":"","dias_prazo":null,"data_fim_prazo":null,"em_tramitacao":false,"polemica":false,"objeto":"","complementar":false,"ementa":"Indica\u00e7\u00e3o n\u00ba 367, de autoria da  Vereadora Sthella Almeida: Indica ao Chefe do Poder Executivo Municipal a possibilidade de realizar a pavimenta\u00e7\u00e3o asf\u00e1ltica da Avenida Dom Pedro I, no trecho compreendido entre a Rua Ermano dos Santos at\u00e9 a  Rua Sem Denomina\u00e7\u00e3o, n\u00ba 2439, localizada no Setor 07, a pedido dos moradores, A pedido da Sra. Sara.","indexacao":"Indica\u00e7\u00e3o n\u00ba 367, de autoria da  Vereadora Sthella Almeida: Indica ao Chefe do Poder Executivo Municipal a possibilidade de realizar a pavimenta\u00e7\u00e3o asf\u00e1ltica da Avenida Dom Pedro I, no trecho compreendido entre a Rua Ermano dos Santos at\u00e9 a  Rua Sem Denomina\u00e7\u00e3o, n\u00ba 2439, localizada no Setor 07, a pedido dos moradores, A pedido da Sra. Sara.","observacao":"Indica\u00e7\u00e3o n\u00ba 367, de autoria da  Vereadora Sthella Almeida: Indica ao Chefe do Poder Executivo Municipal a possibilidade de realizar a pavimenta\u00e7\u00e3o asf\u00e1ltica da Avenida Dom Pedro I, no trecho compreendido entre a Rua Ermano dos Santos at\u00e9 a  Rua Sem Denomina\u00e7\u00e3o, n\u00ba 2439, localizada no Setor 07, a pedido dos moradores, A pedido da Sra. Sara.","resultado":"","texto_original":null,"data_ultima_atualizacao":"2025-11-26T11:50:59.285212-04:00","ip":"201.94.146.152","ultima_edicao":"2025-11-26T11:50:06.748974-04:00","tipo":18,"regime_tramitacao":1,"tipo_origem_externa":null,"local_origem_externa":null,"user":3,"anexadas":[],"autores":[30]}