{"id":483,"__str__":"Indica\u00e7\u00f5es n\u00ba 355 de 2025","link_detail_backend":"/materia/483","metadata":{},"numero":355,"ano":2025,"numero_protocolo":null,"data_apresentacao":"2025-09-01","tipo_apresentacao":"E","data_publicacao":null,"numero_origem_externa":"","ano_origem_externa":null,"data_origem_externa":null,"apelido":"","dias_prazo":null,"data_fim_prazo":null,"em_tramitacao":false,"polemica":false,"objeto":"","complementar":false,"ementa":"Indica\u00e7\u00e3o n\u00ba 355, de autoria da  Vereadora Sthella Almeida: Indica ao Chefe do Poder Executivo Municipal a possibilidade para a instala\u00e7\u00e3o de tendas no ponto de espera do transporte escolar do Jardim Primavera, garantindo maior seguran\u00e7a e conforto aos estudantes que utilizam o servi\u00e7o diariamente.","indexacao":"Indica\u00e7\u00e3o n\u00ba 355, de autoria da  Vereadora Sthella Almeida: Indica ao Chefe do Poder Executivo Municipal a possibilidade para a instala\u00e7\u00e3o de tendas no ponto de espera do transporte escolar do Jardim Primavera, garantindo maior seguran\u00e7a e conforto aos estudantes que utilizam o servi\u00e7o diariamente.","observacao":"Indica\u00e7\u00e3o n\u00ba 355, de autoria da  Vereadora Sthella Almeida: Indica ao Chefe do Poder Executivo Municipal a possibilidade para a instala\u00e7\u00e3o de tendas no ponto de espera do transporte escolar do Jardim Primavera, garantindo maior seguran\u00e7a e conforto aos estudantes que utilizam o servi\u00e7o diariamente.","resultado":"","texto_original":null,"data_ultima_atualizacao":"2025-11-26T10:59:56.295409-04:00","ip":"201.94.146.152","ultima_edicao":"2025-11-26T10:59:20.982092-04:00","tipo":18,"regime_tramitacao":1,"tipo_origem_externa":null,"local_origem_externa":null,"user":3,"anexadas":[],"autores":[30]}