{"id":473,"__str__":"Indica\u00e7\u00f5es n\u00ba 346 de 2025","link_detail_backend":"/materia/473","metadata":{},"numero":346,"ano":2025,"numero_protocolo":null,"data_apresentacao":"2025-08-25","tipo_apresentacao":"E","data_publicacao":null,"numero_origem_externa":"","ano_origem_externa":null,"data_origem_externa":null,"apelido":"","dias_prazo":null,"data_fim_prazo":null,"em_tramitacao":false,"polemica":false,"objeto":"","complementar":false,"ementa":"Indica\u00e7\u00e3o n\u00ba 346, de autoria da Vereadora Sthella Almeida: Indica ao Chefe do Poder Executivo Municipal a possibilidade de aquisi\u00e7\u00e3o de gravadores de \u00e1udio e v\u00eddeo para utiliza\u00e7\u00e3o nos procedimentos de Escuta Especializada e Depoimento Especial, conforme previsto na Lei n\u00ba 13.431/2017, para atendimento de crian\u00e7as e adolescentes v\u00edtimas ou testemunhas de viol\u00eancia, atrav\u00e9s da Secretaria Municipal de Desenvolvimento Social (SEMDES) de Jaru.","indexacao":"Indica\u00e7\u00e3o n\u00ba 346, de autoria da Vereadora Sthella Almeida: Indica ao Chefe do Poder Executivo Municipal a possibilidade de aquisi\u00e7\u00e3o de gravadores de \u00e1udio e v\u00eddeo para utiliza\u00e7\u00e3o nos procedimentos de Escuta Especializada e Depoimento Especial, conforme previsto na Lei n\u00ba 13.431/2017, para atendimento de crian\u00e7as e adolescentes v\u00edtimas ou testemunhas de viol\u00eancia, atrav\u00e9s da Secretaria Municipal de Desenvolvimento Social (SEMDES) de Jaru.","observacao":"Indica\u00e7\u00e3o n\u00ba 346, de autoria da Vereadora Sthella Almeida: Indica ao Chefe do Poder Executivo Municipal a possibilidade de aquisi\u00e7\u00e3o de gravadores de \u00e1udio e v\u00eddeo para utiliza\u00e7\u00e3o nos procedimentos de Escuta Especializada e Depoimento Especial, conforme previsto na Lei n\u00ba 13.431/2017, para atendimento de crian\u00e7as e adolescentes v\u00edtimas ou testemunhas de viol\u00eancia, atrav\u00e9s da Secretaria Municipal de Desenvolvimento Social (SEMDES) de Jaru.","resultado":"","texto_original":null,"data_ultima_atualizacao":"2025-11-25T12:44:14.226312-04:00","ip":"201.94.146.152","ultima_edicao":"2025-11-25T12:37:44.946398-04:00","tipo":18,"regime_tramitacao":1,"tipo_origem_externa":null,"local_origem_externa":null,"user":3,"anexadas":[],"autores":[30]}