{"id":472,"__str__":"Indica\u00e7\u00f5es n\u00ba 345 de 2025","link_detail_backend":"/materia/472","metadata":{},"numero":345,"ano":2025,"numero_protocolo":null,"data_apresentacao":"2025-08-25","tipo_apresentacao":"E","data_publicacao":null,"numero_origem_externa":"","ano_origem_externa":null,"data_origem_externa":null,"apelido":"","dias_prazo":null,"data_fim_prazo":null,"em_tramitacao":false,"polemica":false,"objeto":"","complementar":false,"ementa":"Indica\u00e7\u00e3o n\u00ba 345, de autoria da Vereadora Sthella Almeida: Indica ao Chefe do Poder Executivo Municipal a possibilidade de troca da ilumina\u00e7\u00e3o p\u00fablica na Rua Rio Grande do Sul, Setor 5, especificamente no segundo poste ap\u00f3s a Rua S\u00e3o Paulo.","indexacao":"Indica\u00e7\u00e3o n\u00ba 345, de autoria da Vereadora Sthella Almeida: Indica ao Chefe do Poder Executivo Municipal a possibilidade de troca da ilumina\u00e7\u00e3o p\u00fablica na Rua Rio Grande do Sul, Setor 5, especificamente no segundo poste ap\u00f3s a Rua S\u00e3o Paulo.","observacao":"Indica\u00e7\u00e3o n\u00ba 345, de autoria da Vereadora Sthella Almeida: Indica ao Chefe do Poder Executivo Municipal a possibilidade de troca da ilumina\u00e7\u00e3o p\u00fablica na Rua Rio Grande do Sul, Setor 5, especificamente no segundo poste ap\u00f3s a Rua S\u00e3o Paulo.","resultado":"","texto_original":null,"data_ultima_atualizacao":"2025-11-25T12:37:35.341716-04:00","ip":"201.94.146.152","ultima_edicao":"2025-11-25T12:36:56.405877-04:00","tipo":18,"regime_tramitacao":1,"tipo_origem_externa":null,"local_origem_externa":null,"user":3,"anexadas":[],"autores":[30]}