{"id":471,"__str__":"Indica\u00e7\u00f5es n\u00ba 344 de 2025","link_detail_backend":"/materia/471","metadata":{},"numero":344,"ano":2025,"numero_protocolo":null,"data_apresentacao":"2025-08-25","tipo_apresentacao":"E","data_publicacao":null,"numero_origem_externa":"","ano_origem_externa":null,"data_origem_externa":null,"apelido":"","dias_prazo":null,"data_fim_prazo":null,"em_tramitacao":false,"polemica":false,"objeto":"","complementar":false,"ementa":"Indica\u00e7\u00e3o n\u00ba 344, de autoria da Vereadora  Suhelen Fernanda: Indica ao Chefe do Poder Executivo,  indica ao Chefe do Poder Executivo que seja providenciada a constru\u00e7\u00e3o de uma pista de caminhada na Avenida Dom Pedro, Setor 04.","indexacao":"Indica\u00e7\u00e3o n\u00ba 344, de autoria da Vereadora  Suhelen Fernanda: Indica ao Chefe do Poder Executivo,  indica ao Chefe do Poder Executivo que seja providenciada a constru\u00e7\u00e3o de uma pista de caminhada na Avenida Dom Pedro, Setor 04.","observacao":"Indica\u00e7\u00e3o n\u00ba 344, de autoria da Vereadora  Suhelen Fernanda: Indica ao Chefe do Poder Executivo,  indica ao Chefe do Poder Executivo que seja providenciada a constru\u00e7\u00e3o de uma pista de caminhada na Avenida Dom Pedro, Setor 04.","resultado":"","texto_original":null,"data_ultima_atualizacao":"2025-11-25T12:36:52.877763-04:00","ip":"201.94.146.152","ultima_edicao":"2025-11-25T12:36:02.755006-04:00","tipo":18,"regime_tramitacao":1,"tipo_origem_externa":null,"local_origem_externa":null,"user":3,"anexadas":[],"autores":[18]}