{"id":466,"__str__":"Indica\u00e7\u00f5es n\u00ba 339 de 2025","link_detail_backend":"/materia/466","metadata":{},"numero":339,"ano":2025,"numero_protocolo":null,"data_apresentacao":"2025-08-25","tipo_apresentacao":"E","data_publicacao":null,"numero_origem_externa":"","ano_origem_externa":null,"data_origem_externa":null,"apelido":"","dias_prazo":null,"data_fim_prazo":null,"em_tramitacao":false,"polemica":false,"objeto":"","complementar":false,"ementa":"Indica\u00e7\u00e3o n\u00ba 339, de autoria do Vereador  Schimit Patroleiro: Indica ao Chefe do Poder Executivo, que seja feito ilumina\u00e7\u00e3o da quadra sint\u00e9tica de Bom Jesus.","indexacao":"Indica\u00e7\u00e3o n\u00ba 339, de autoria do Vereador  Schimit Patroleiro: Indica ao Chefe do Poder Executivo, que seja feito ilumina\u00e7\u00e3o da quadra sint\u00e9tica de Bom Jesus.","observacao":"Indica\u00e7\u00e3o n\u00ba 339, de autoria do Vereador  Schimit Patroleiro: Indica ao Chefe do Poder Executivo, que seja feito ilumina\u00e7\u00e3o da quadra sint\u00e9tica de Bom Jesus.","resultado":"","texto_original":null,"data_ultima_atualizacao":"2025-11-25T12:32:05.312633-04:00","ip":"201.94.146.152","ultima_edicao":"2025-11-25T12:31:14.439545-04:00","tipo":18,"regime_tramitacao":1,"tipo_origem_externa":null,"local_origem_externa":null,"user":3,"anexadas":[],"autores":[17]}