{"id":465,"__str__":"Indica\u00e7\u00f5es n\u00ba 338 de 2025","link_detail_backend":"/materia/465","metadata":{},"numero":338,"ano":2025,"numero_protocolo":null,"data_apresentacao":"2025-08-25","tipo_apresentacao":"E","data_publicacao":null,"numero_origem_externa":"","ano_origem_externa":null,"data_origem_externa":null,"apelido":"","dias_prazo":null,"data_fim_prazo":null,"em_tramitacao":false,"polemica":false,"objeto":"","complementar":false,"ementa":"Indica\u00e7\u00e3o n\u00ba 338, de autoria do Vereador  Rafael Lopes: Indica ao Chefe do Poder Executivo a Implanta\u00e7\u00e3o de sinaliza\u00e7\u00e3o de tr\u00e2nsito e quebra-molas na rua Mil\u00e3o no bairro Jardim Europa, a pedido do morador Thiago.","indexacao":"Indica\u00e7\u00e3o n\u00ba 338, de autoria do Vereador  Rafael Lopes: Indica ao Chefe do Poder Executivo a Implanta\u00e7\u00e3o de sinaliza\u00e7\u00e3o de tr\u00e2nsito e quebra-molas na rua Mil\u00e3o no bairro Jardim Europa, a pedido do morador Thiago.","observacao":"Indica\u00e7\u00e3o n\u00ba 338, de autoria do Vereador  Rafael Lopes: Indica ao Chefe do Poder Executivo a Implanta\u00e7\u00e3o de sinaliza\u00e7\u00e3o de tr\u00e2nsito e quebra-molas na rua Mil\u00e3o no bairro Jardim Europa, a pedido do morador Thiago.","resultado":"","texto_original":null,"data_ultima_atualizacao":"2025-11-25T12:30:57.395523-04:00","ip":"201.94.146.152","ultima_edicao":"2025-11-25T12:30:09.674834-04:00","tipo":18,"regime_tramitacao":1,"tipo_origem_externa":null,"local_origem_externa":null,"user":3,"anexadas":[],"autores":[29]}