{"id":449,"__str__":"Indica\u00e7\u00f5es n\u00ba 322 de 2025","link_detail_backend":"/materia/449","metadata":{},"numero":322,"ano":2025,"numero_protocolo":null,"data_apresentacao":"2025-08-11","tipo_apresentacao":"E","data_publicacao":null,"numero_origem_externa":"","ano_origem_externa":null,"data_origem_externa":null,"apelido":"","dias_prazo":null,"data_fim_prazo":null,"em_tramitacao":false,"polemica":false,"objeto":"","complementar":false,"ementa":"Indica\u00e7\u00e3o n\u00ba 322, de autoria da Vereadora Sthella Almeida: Indica ao Chefe do Poder Executivo Municipal a possibilidade da pavimenta\u00e7\u00e3o asf\u00e1ltica da Rua Margarete Ferreira Costa, no Setor 8, no trecho entre a Rua Jos\u00e9 Lu\u00eds Jacob e a rua que d\u00e1 acesso ao Residencial Primavera. A pedido da moradora Gersina.","indexacao":"","observacao":"","resultado":"","texto_original":null,"data_ultima_atualizacao":"2025-11-18T12:44:57.700283-04:00","ip":"201.94.146.152","ultima_edicao":"2025-11-18T12:43:11.128587-04:00","tipo":18,"regime_tramitacao":1,"tipo_origem_externa":null,"local_origem_externa":null,"user":3,"anexadas":[],"autores":[30]}