{"id":439,"__str__":"Indica\u00e7\u00f5es n\u00ba 312 de 2025","link_detail_backend":"/materia/439","metadata":{},"numero":312,"ano":2025,"numero_protocolo":null,"data_apresentacao":"2025-08-11","tipo_apresentacao":"E","data_publicacao":null,"numero_origem_externa":"","ano_origem_externa":null,"data_origem_externa":null,"apelido":"","dias_prazo":null,"data_fim_prazo":null,"em_tramitacao":false,"polemica":false,"objeto":"","complementar":false,"ementa":"Indica\u00e7\u00e3o n\u00ba 312, de autoria da Vereadora Suhelen Fernanda: indica ao Chefe do Poder Executivo a nomea\u00e7\u00e3o do Cemit\u00e9rio Municipal com o nome \"Ad\u00e3o Gon\u00e7alves Lopes\".","indexacao":"","observacao":"","resultado":"","texto_original":null,"data_ultima_atualizacao":"2025-11-18T12:05:45.343576-04:00","ip":"201.94.146.152","ultima_edicao":"2025-11-18T12:04:50.387488-04:00","tipo":18,"regime_tramitacao":1,"tipo_origem_externa":null,"local_origem_externa":null,"user":3,"anexadas":[],"autores":[18]}