{"id":434,"__str__":"Projeto de Resolu\u00e7\u00e3o n\u00ba 401 de 2025","link_detail_backend":"/materia/434","metadata":{},"numero":401,"ano":2025,"numero_protocolo":null,"data_apresentacao":"2025-10-06","tipo_apresentacao":"E","data_publicacao":null,"numero_origem_externa":"401","ano_origem_externa":2025,"data_origem_externa":null,"apelido":"Projeto de Resolu\u00e7\u00e3o","dias_prazo":null,"data_fim_prazo":null,"em_tramitacao":false,"polemica":false,"objeto":"Homenagen Honra ao M\u00e9rito","complementar":false,"ementa":"PROJETO DE RESOLU\u00c7\u00c3O N\u00ba 401/CMJ/2025, Concede o T\u00edtulo de Cidad\u00e3o Honor\u00e1rio do Munic\u00edpio de Jaru/RO ao Deputado Federal Fernando M\u00e1ximo.","indexacao":"Concede o T\u00edtulo de Cidad\u00e3o Honor\u00e1rio do Munic\u00edpio de Jaru/RO ao Deputado Federal Fernando M\u00e1ximo.","observacao":"Autores\r\n\r\nCeliandro Ribeiro de Jesus\r\n\r\nVereador\r\n\r\nEv\u00e9rson Campos de Queir\u00f3z\r\n\r\nVereador\r\n\r\nSilvio Aquerley da Silva\r\n\r\nVereador","resultado":"","texto_original":"http://sapl.jaru.ro.leg.br/media/sapl/public/materialegislativa/2025/434/pr_401_-_fernando_maximo_-_celiandro.pdf","data_ultima_atualizacao":"2025-11-18T11:08:09.962555-04:00","ip":"201.94.146.152","ultima_edicao":"2025-11-18T10:57:15.709804-04:00","tipo":5,"regime_tramitacao":1,"tipo_origem_externa":5,"local_origem_externa":null,"user":3,"anexadas":[],"autores":[20]}