{"id":40,"__str__":"Indica\u00e7\u00f5es n\u00ba 20 de 2025","link_detail_backend":"/materia/40","metadata":{},"numero":20,"ano":2025,"numero_protocolo":null,"data_apresentacao":"2025-02-10","tipo_apresentacao":"","data_publicacao":null,"numero_origem_externa":"","ano_origem_externa":null,"data_origem_externa":null,"apelido":"","dias_prazo":null,"data_fim_prazo":null,"em_tramitacao":false,"polemica":false,"objeto":"","complementar":false,"ementa":"Indica\u00e7\u00e3o n\u00ba  20, de Autoria da Vereadora e Presidente Tatiane  da Sa\u00fade, \u201cSolicita ao Chefe do Poder Executivo, a implanta\u00e7\u00e3o de uma base descentralizada do Servi\u00e7o de Atendimento M\u00f3vel de Urg\u00eancia (SAMU) em Jaru.\u2019\u2019","indexacao":"Solicita ao Chefe do Poder Executivo, a implanta\u00e7\u00e3o de uma base descentralizada do Servi\u00e7o de Atendimento M\u00f3vel de Urg\u00eancia (SAMU) em Jaru.","observacao":"","resultado":"","texto_original":null,"data_ultima_atualizacao":"2025-07-23T11:29:03.109873-04:00","ip":"201.94.146.152","ultima_edicao":"2025-07-23T11:27:49.056653-04:00","tipo":18,"regime_tramitacao":1,"tipo_origem_externa":null,"local_origem_externa":null,"user":3,"anexadas":[],"autores":[16]}