{"id":400,"__str__":"Indica\u00e7\u00f5es n\u00ba 293 de 2025","link_detail_backend":"/materia/400","metadata":{},"numero":293,"ano":2025,"numero_protocolo":null,"data_apresentacao":"2025-08-04","tipo_apresentacao":"E","data_publicacao":null,"numero_origem_externa":"","ano_origem_externa":null,"data_origem_externa":null,"apelido":"","dias_prazo":null,"data_fim_prazo":null,"em_tramitacao":false,"polemica":false,"objeto":"","complementar":false,"ementa":"Indica\u00e7\u00e3o n\u00ba 293, de autoria da Vereadora e Presidente Tatiane da Sa\u00fade: Solicita ao Chefe do Poder Executivo que a Pra\u00e7a P\u00fablica na Avenida Dom Pedro leve o nome do Sr. Sebasti\u00e3o Dias de Almeida.","indexacao":"","observacao":"","resultado":"","texto_original":null,"data_ultima_atualizacao":"2025-11-18T09:53:20.510380-04:00","ip":"201.94.146.152","ultima_edicao":"2025-11-18T09:52:42.718091-04:00","tipo":18,"regime_tramitacao":1,"tipo_origem_externa":null,"local_origem_externa":null,"user":3,"anexadas":[],"autores":[16]}