{"id":39,"__str__":"Indica\u00e7\u00f5es n\u00ba 19 de 2025","link_detail_backend":"/materia/39","metadata":{},"numero":19,"ano":2025,"numero_protocolo":null,"data_apresentacao":"2025-02-10","tipo_apresentacao":"E","data_publicacao":null,"numero_origem_externa":"","ano_origem_externa":null,"data_origem_externa":null,"apelido":"","dias_prazo":null,"data_fim_prazo":null,"em_tramitacao":false,"polemica":false,"objeto":"","complementar":false,"ementa":"Indica\u00e7\u00e3o n\u00ba  19, de Autoria da Vereadora e Presidente Tatiane  da Sa\u00fade, \u201cSolicita ao Chefe do Poder Executivo, que seja feita a aquisi\u00e7\u00e3o e fornecimento de motocicletas para os Agentes Comunit\u00e1rios de Sa\u00fade (ACS) e aos Agentes de Combates \u00e0s Endemias (ACE) de Jaru.\u2019\u2019","indexacao":"\u201cSolicita ao Chefe do Poder Executivo, que seja feita a aquisi\u00e7\u00e3o e fornecimento de motocicletas para os Agentes Comunit\u00e1rios de Sa\u00fade (ACS) e aos Agentes de Combates \u00e0s Endemias (ACE) de Jaru.\u2019\u2019","observacao":"","resultado":"","texto_original":null,"data_ultima_atualizacao":"2025-07-23T11:27:45.571656-04:00","ip":"201.94.146.152","ultima_edicao":"2025-07-23T11:26:40.823997-04:00","tipo":18,"regime_tramitacao":1,"tipo_origem_externa":null,"local_origem_externa":null,"user":3,"anexadas":[],"autores":[16]}