{"id":391,"__str__":"Indica\u00e7\u00f5es n\u00ba 284 de 2025","link_detail_backend":"/materia/391","metadata":{},"numero":284,"ano":2025,"numero_protocolo":null,"data_apresentacao":"2025-06-30","tipo_apresentacao":"E","data_publicacao":null,"numero_origem_externa":"","ano_origem_externa":null,"data_origem_externa":null,"apelido":"","dias_prazo":null,"data_fim_prazo":null,"em_tramitacao":false,"polemica":false,"objeto":"","complementar":false,"ementa":"Indica\u00e7\u00e3o n\u00ba 284, de autoria da Vereadora  Sthella Almeida: Solicita ao Poder Executivo Municipal a possibilidade de elabora\u00e7\u00e3o de um Projeto de Lei, nos moldes da Lei n\u00ba 3.270, de 13 de julho de 2022, que instituiu a Gratifica\u00e7\u00e3o de Desempenho e Produtividade para os servidores da sa\u00fade, a fim de estender referida gratifica\u00e7\u00e3o, com os mesmos par\u00e2metros e valores de remunera\u00e7\u00e3o previstos para os t\u00e9cnicos, a determinados cargos da Secretaria Municipal de Desenvolvimento Social (SEMDES), especificamente: Assistente Social, Pedagogo, e Advogado.","indexacao":"","observacao":"","resultado":"","texto_original":null,"data_ultima_atualizacao":"2025-11-18T09:42:48.752695-04:00","ip":"201.94.146.152","ultima_edicao":"2025-11-18T09:42:14.675976-04:00","tipo":18,"regime_tramitacao":1,"tipo_origem_externa":null,"local_origem_externa":null,"user":3,"anexadas":[],"autores":[30]}