{"id":387,"__str__":"Indica\u00e7\u00f5es n\u00ba 280 de 2025","link_detail_backend":"/materia/387","metadata":{},"numero":280,"ano":2025,"numero_protocolo":null,"data_apresentacao":"2025-06-30","tipo_apresentacao":"E","data_publicacao":null,"numero_origem_externa":"","ano_origem_externa":null,"data_origem_externa":null,"apelido":"","dias_prazo":null,"data_fim_prazo":null,"em_tramitacao":false,"polemica":false,"objeto":"","complementar":false,"ementa":"Indica\u00e7\u00e3o n\u00ba 280, de autoria da Vereadora  Sthella Almeida: Indica ao Chefe do Poder Executivo Municipal a possibilidade para a Revitaliza\u00e7\u00e3o de faixa de pedestre, Avenida Padre Adolpho Rohl, 1260 Centro. Setor 02, em frente \u00e0 escola Olga Dellaia, a pedido da Sra. Cl\u00e1udia.","indexacao":"","observacao":"","resultado":"","texto_original":null,"data_ultima_atualizacao":"2025-11-18T09:39:45.393207-04:00","ip":"201.94.146.152","ultima_edicao":"2025-11-18T09:39:09.210624-04:00","tipo":18,"regime_tramitacao":1,"tipo_origem_externa":null,"local_origem_externa":null,"user":3,"anexadas":[],"autores":[30]}