{"id":370,"__str__":"Indica\u00e7\u00f5es n\u00ba 263 de 2025","link_detail_backend":"/materia/370","metadata":{},"numero":263,"ano":2025,"numero_protocolo":null,"data_apresentacao":"2025-06-16","tipo_apresentacao":"E","data_publicacao":null,"numero_origem_externa":"","ano_origem_externa":null,"data_origem_externa":null,"apelido":"","dias_prazo":null,"data_fim_prazo":null,"em_tramitacao":false,"polemica":false,"objeto":"","complementar":false,"ementa":"Indica\u00e7\u00e3o n\u00ba 263, de autoria da Vereadora Sthella Almeida: Indica ao Chefe do Poder Executivo Municipal a possibilidade da pavimenta\u00e7\u00e3o asf\u00e1ltica da Rua Euclides da Cunha, no trecho entre a Marechal Rondon e a Rio de Janeiro, no Setor 7.","indexacao":"Indica\u00e7\u00e3o n\u00ba 263, de autoria da Vereadora Sthella Almeida: Indica ao Chefe do Poder Executivo Municipal a possibilidade da pavimenta\u00e7\u00e3o asf\u00e1ltica da Rua Euclides da Cunha, no trecho entre a Marechal Rondon e a Rio de Janeiro, no Setor 7.","observacao":"Indica\u00e7\u00e3o n\u00ba 263, de autoria da Vereadora Sthella Almeida: Indica ao Chefe do Poder Executivo Municipal a possibilidade da pavimenta\u00e7\u00e3o asf\u00e1ltica da Rua Euclides da Cunha, no trecho entre a Marechal Rondon e a Rio de Janeiro, no Setor 7.","resultado":"","texto_original":null,"data_ultima_atualizacao":"2025-11-18T08:53:32.059206-04:00","ip":"201.94.146.152","ultima_edicao":"2025-11-18T08:52:16.543914-04:00","tipo":18,"regime_tramitacao":1,"tipo_origem_externa":null,"local_origem_externa":null,"user":3,"anexadas":[],"autores":[30]}