{"id":367,"__str__":"Indica\u00e7\u00f5es n\u00ba 260 de 2025","link_detail_backend":"/materia/367","metadata":{},"numero":260,"ano":2025,"numero_protocolo":null,"data_apresentacao":"2025-06-16","tipo_apresentacao":"E","data_publicacao":null,"numero_origem_externa":"","ano_origem_externa":null,"data_origem_externa":null,"apelido":"","dias_prazo":null,"data_fim_prazo":null,"em_tramitacao":false,"polemica":false,"objeto":"","complementar":false,"ementa":"Indica\u00e7\u00e3o n\u00ba 260, de autoria do Vereador Jo\u00e3o Paulo: Indico ao Chefe do Poder Executivo a pavimenta\u00e7\u00e3o asf\u00e1ltica dos seguintes endere\u00e7os: Rua Euclides da Cunha, no trecho compreendido entre as ruas Marechal Rondon e Florian\u00f3polis; Rua Frei Caneca, no trecho entre as ruas Marechal Rondon e  lorian\u00f3polis (a pedido do morador Sr. Valdiney Nery Lemes ).","indexacao":"Indica\u00e7\u00e3o n\u00ba 260, de autoria do Vereador Jo\u00e3o Paulo: Indico ao Chefe do Poder Executivo a pavimenta\u00e7\u00e3o asf\u00e1ltica dos seguintes endere\u00e7os: Rua Euclides da Cunha, no trecho compreendido entre as ruas Marechal Rondon e Florian\u00f3polis; Rua Frei Caneca, no trecho entre as ruas Marechal Rondon e Florian\u00f3polis (a pedido do morador Sr. Valdiney Nery Lemes ).","observacao":"Indica\u00e7\u00e3o n\u00ba 260, de autoria do Vereador Jo\u00e3o Paulo: Indico ao Chefe do Poder Executivo a pavimenta\u00e7\u00e3o asf\u00e1ltica dos seguintes endere\u00e7os: Rua Euclides da Cunha, no trecho compreendido entre as ruas Marechal Rondon e Florian\u00f3polis; Rua Frei Caneca, no trecho entre as ruas Marechal Rondon e Florian\u00f3polis (a pedido do morador Sr. Valdiney Nery Lemes ).","resultado":"","texto_original":null,"data_ultima_atualizacao":"2025-11-18T08:48:56.060912-04:00","ip":"201.94.146.152","ultima_edicao":"2025-11-18T08:47:15.369078-04:00","tipo":18,"regime_tramitacao":1,"tipo_origem_externa":null,"local_origem_externa":null,"user":3,"anexadas":[],"autores":[24]}