{"id":365,"__str__":"Indica\u00e7\u00f5es n\u00ba 258 de 2025","link_detail_backend":"/materia/365","metadata":{},"numero":258,"ano":2025,"numero_protocolo":null,"data_apresentacao":"2025-06-16","tipo_apresentacao":"E","data_publicacao":null,"numero_origem_externa":"","ano_origem_externa":null,"data_origem_externa":null,"apelido":"","dias_prazo":null,"data_fim_prazo":null,"em_tramitacao":false,"polemica":false,"objeto":"","complementar":false,"ementa":"Indica\u00e7\u00e3o n\u00ba 258, de autoria da Vereadora Suhelen Fernanda: Indica ao Chefe do Poder Executivo Municipal para que seja realizada a implanta\u00e7\u00e3o de uma faixa de pedestre em frente ao escrit\u00f3rio da empresa AEGEA \u00c1guas de Jaru.","indexacao":"Indica\u00e7\u00e3o n\u00ba 258, de autoria da Vereadora Suhelen Fernanda: Indica ao Chefe do Poder Executivo Municipal para que seja realizada a implanta\u00e7\u00e3o de uma faixa de pedestre em frente ao escrit\u00f3rio  da empresa AEGEA \u00c1guas de Jaru.","observacao":"Indica\u00e7\u00e3o n\u00ba 258, de autoria da Vereadora Suhelen Fernanda: Indica ao Chefe do Poder Executivo Municipal para que seja realizada a implanta\u00e7\u00e3o de uma faixa de pedestre em frente ao escrit\u00f3rio da empresa AEGEA \u00c1guas de Jaru.","resultado":"","texto_original":null,"data_ultima_atualizacao":"2025-11-18T08:45:55.931523-04:00","ip":"201.94.146.152","ultima_edicao":"2025-11-18T08:44:59.035132-04:00","tipo":18,"regime_tramitacao":1,"tipo_origem_externa":null,"local_origem_externa":null,"user":3,"anexadas":[],"autores":[18]}