{"id":364,"__str__":"Indica\u00e7\u00f5es n\u00ba 257 de 2025","link_detail_backend":"/materia/364","metadata":{},"numero":257,"ano":2025,"numero_protocolo":null,"data_apresentacao":"2025-06-16","tipo_apresentacao":"E","data_publicacao":null,"numero_origem_externa":"","ano_origem_externa":null,"data_origem_externa":null,"apelido":"","dias_prazo":null,"data_fim_prazo":null,"em_tramitacao":false,"polemica":false,"objeto":"","complementar":false,"ementa":"Indica\u00e7\u00e3o n\u00ba 257, de autoria da Vereadora Suhelen Fernanda: Indica ao Chefe do Poder Executivo que seja realizado a opera\u00e7\u00e3o tapa-buracos na Rua Belo Horizonte, no trecho entre as Ruas Rio de Janeiro e Florian\u00f3polis no Setor 03.","indexacao":"Indica\u00e7\u00e3o n\u00ba 257, de autoria da Vereadora Suhelen Fernanda: Indica ao Chefe do Poder Executivo  que seja realizado a opera\u00e7\u00e3o tapa-buracos na Rua Belo Horizonte, no trecho entre as Ruas Rio de Janeiro e Florian\u00f3polis no Setor 03.","observacao":"Indica\u00e7\u00e3o n\u00ba 257, de autoria da Vereadora Suhelen Fernanda: Indica ao Chefe do Poder Executivo que seja realizado a opera\u00e7\u00e3o tapa-buracos na Rua Belo Horizonte, no trecho entre as Ruas Rio de Janeiro e Florian\u00f3polis no Setor 03.","resultado":"","texto_original":null,"data_ultima_atualizacao":"2025-11-18T08:44:49.434136-04:00","ip":"201.94.146.152","ultima_edicao":"2025-11-18T08:43:54.912090-04:00","tipo":18,"regime_tramitacao":1,"tipo_origem_externa":null,"local_origem_externa":null,"user":3,"anexadas":[],"autores":[18]}