{"id":362,"__str__":"Indica\u00e7\u00f5es n\u00ba 255 de 2025","link_detail_backend":"/materia/362","metadata":{},"numero":255,"ano":2025,"numero_protocolo":null,"data_apresentacao":"2025-06-16","tipo_apresentacao":"E","data_publicacao":null,"numero_origem_externa":"","ano_origem_externa":null,"data_origem_externa":null,"apelido":"","dias_prazo":null,"data_fim_prazo":null,"em_tramitacao":false,"polemica":false,"objeto":"","complementar":false,"ementa":"Indica\u00e7\u00e3o n\u00ba 255, de autoria da Vereadora e Presidente Tatiane da Sa\u00fade: Indica ao Chefe do Poder Executivo que a opera\u00e7\u00e3o do tapa-buracos seja realizada no seguinte local: Rua Cear\u00e1, entre as ruas Florian\u00f3polis e Goi\u00e1s.","indexacao":"","observacao":"Indica\u00e7\u00e3o n\u00ba 255, de autoria da Vereadora e Presidente Tatiane da Sa\u00fade: Indica ao Chefe do Poder Executivo que a opera\u00e7\u00e3o do tapa-buracos seja realizada no seguinte local: Rua Cear\u00e1, entre as ruas Florian\u00f3polis e Goi\u00e1s.","resultado":"","texto_original":null,"data_ultima_atualizacao":"2025-11-18T08:41:13.249765-04:00","ip":"201.94.146.152","ultima_edicao":"2025-11-18T08:40:11.898427-04:00","tipo":18,"regime_tramitacao":1,"tipo_origem_externa":null,"local_origem_externa":null,"user":3,"anexadas":[],"autores":[16]}