{"id":335,"__str__":"Indica\u00e7\u00f5es n\u00ba 252 de 2025","link_detail_backend":"/materia/335","metadata":{},"numero":252,"ano":2025,"numero_protocolo":null,"data_apresentacao":"2025-06-09","tipo_apresentacao":"E","data_publicacao":null,"numero_origem_externa":"","ano_origem_externa":null,"data_origem_externa":null,"apelido":"","dias_prazo":null,"data_fim_prazo":null,"em_tramitacao":false,"polemica":false,"objeto":"","complementar":false,"ementa":"Indica\u00e7\u00e3o n\u00ba 252, de autoria do Vereador  Dr. \u00c9verson Queir\u00f3z: A pedido do morador Marcos Cajue indica ao Chefe do Poder Executivo Municipal a possibilidade de ser feito a implanta\u00e7\u00e3o de duas lombadas (quebra-molas) com a devida sinaliza\u00e7\u00e3o, rua Pl\u00e1cido de Castro, uma antes do cruzamento da rua Marechal Rondon e outra ap\u00f3s, pr\u00f3ximo \u00e0s resid\u00eancias N\u00ba 1579 e 1651.","indexacao":"","observacao":"","resultado":"","texto_original":null,"data_ultima_atualizacao":"2025-10-16T12:25:48.731807-04:00","ip":"201.94.146.152","ultima_edicao":"2025-10-16T12:24:48.279259-04:00","tipo":18,"regime_tramitacao":1,"tipo_origem_externa":null,"local_origem_externa":null,"user":3,"anexadas":[],"autores":[22]}