{"id":325,"__str__":"Indica\u00e7\u00f5es n\u00ba 242 de 2025","link_detail_backend":"/materia/325","metadata":{},"numero":242,"ano":2025,"numero_protocolo":null,"data_apresentacao":"2025-06-09","tipo_apresentacao":"E","data_publicacao":null,"numero_origem_externa":"","ano_origem_externa":null,"data_origem_externa":null,"apelido":"","dias_prazo":null,"data_fim_prazo":null,"em_tramitacao":false,"polemica":false,"objeto":"","complementar":false,"ementa":"Indica\u00e7\u00e3o n\u00ba 242, de autoria da Vereadora e Presidente  Tatiane Almeida: Indica ao Chefe do Poder Executivo que sejam adotadas as provid\u00eancias necess\u00e1rias para estender a Gratifica\u00e7\u00e3o de Desempenho e Produtividade, institu\u00edda pela Lei n\u00ba 3.270, de 13 de julho de 2022, tamb\u00e9m aos profissionais vinculados \u00e0 Secretaria Municipal de Assist\u00eancia Social (SEMDES) e \u00e0 Secretaria Municipal de Educa\u00e7\u00e3o (SEMED), cujas fun\u00e7\u00f5es se enquadrem nas atribui\u00e7\u00f5es previstas na referida lei.","indexacao":"","observacao":"","resultado":"","texto_original":null,"data_ultima_atualizacao":"2025-10-16T11:53:53.580527-04:00","ip":"201.94.146.152","ultima_edicao":"2025-10-16T11:50:49.289230-04:00","tipo":18,"regime_tramitacao":1,"tipo_origem_externa":null,"local_origem_externa":null,"user":3,"anexadas":[],"autores":[16]}