{"id":321,"__str__":"Indica\u00e7\u00f5es n\u00ba 238 de 2025","link_detail_backend":"/materia/321","metadata":{},"numero":238,"ano":2025,"numero_protocolo":null,"data_apresentacao":"2025-06-02","tipo_apresentacao":"E","data_publicacao":null,"numero_origem_externa":"","ano_origem_externa":null,"data_origem_externa":null,"apelido":"","dias_prazo":null,"data_fim_prazo":null,"em_tramitacao":false,"polemica":false,"objeto":"","complementar":false,"ementa":"Indica\u00e7\u00e3o n\u00ba 238, de autoria da Vereadora  Sthella Almeida, Indica ao Chefe do Poder Executivo Municipal a possibilidade de realiza\u00e7\u00e3o dos servi\u00e7os de limpeza e pintura dos muros do Centro de Sa\u00fade Dr. Apolin\u00e1rio Gomes da Silva, no munic\u00edpio de Jaru.\u201d","indexacao":"","observacao":"","resultado":"","texto_original":null,"data_ultima_atualizacao":"2025-10-16T10:46:07.042797-04:00","ip":"201.94.146.152","ultima_edicao":"2025-10-16T10:45:14.505652-04:00","tipo":18,"regime_tramitacao":1,"tipo_origem_externa":null,"local_origem_externa":null,"user":3,"anexadas":[],"autores":[30]}