{"id":320,"__str__":"Indica\u00e7\u00f5es n\u00ba 237 de 2025","link_detail_backend":"/materia/320","metadata":{},"numero":237,"ano":2025,"numero_protocolo":null,"data_apresentacao":"2025-06-02","tipo_apresentacao":"E","data_publicacao":null,"numero_origem_externa":"","ano_origem_externa":null,"data_origem_externa":null,"apelido":"","dias_prazo":null,"data_fim_prazo":null,"em_tramitacao":false,"polemica":false,"objeto":"","complementar":false,"ementa":"Indica\u00e7\u00e3o n\u00ba 237, de autoria do Vereador  Rafael Lopes, \u201cIndica ao Chefe do Poder Executivo que seja feito reparos e manuten\u00e7\u00e3o na rua Vila Lobos no setor 06, a pedido do morador Marcos Aur\u00e9lio.\u201d","indexacao":"","observacao":"","resultado":"","texto_original":null,"data_ultima_atualizacao":"2025-10-16T10:45:12.490715-04:00","ip":"201.94.146.152","ultima_edicao":"2025-10-16T10:44:27.233019-04:00","tipo":18,"regime_tramitacao":1,"tipo_origem_externa":null,"local_origem_externa":null,"user":3,"anexadas":[],"autores":[29]}