{"id":310,"__str__":"Indica\u00e7\u00f5es n\u00ba 227 de 2025","link_detail_backend":"/materia/310","metadata":{},"numero":227,"ano":2025,"numero_protocolo":null,"data_apresentacao":"2025-05-26","tipo_apresentacao":"E","data_publicacao":null,"numero_origem_externa":"","ano_origem_externa":null,"data_origem_externa":null,"apelido":"","dias_prazo":null,"data_fim_prazo":null,"em_tramitacao":false,"polemica":false,"objeto":"","complementar":false,"ementa":"Indica\u00e7\u00e3o n\u00ba 227, de autoria do Vereador  Rafael Lopes, \u201cIndica ao Chefe do Poder Executivo realiza\u00e7\u00e3o da poda das \u00e1rvores localizadas na \u00e1rea verde do bairro Savana, tendo em vista que os galhos cresceram excessivamente e est\u00e3o interferindo na circula\u00e7\u00e3o de ve\u00edculos e pedestres nas vias pr\u00f3ximas, pedido do morador Alessandro.\u201d","indexacao":"","observacao":"","resultado":"","texto_original":null,"data_ultima_atualizacao":"2025-10-16T09:13:39.762574-04:00","ip":"201.94.146.152","ultima_edicao":"2025-10-16T09:13:05.561902-04:00","tipo":18,"regime_tramitacao":1,"tipo_origem_externa":null,"local_origem_externa":null,"user":3,"anexadas":[],"autores":[29]}