{"id":305,"__str__":"Indica\u00e7\u00f5es n\u00ba 222 de 2025","link_detail_backend":"/materia/305","metadata":{},"numero":222,"ano":2025,"numero_protocolo":null,"data_apresentacao":"2025-05-26","tipo_apresentacao":"E","data_publicacao":null,"numero_origem_externa":"","ano_origem_externa":null,"data_origem_externa":null,"apelido":"","dias_prazo":null,"data_fim_prazo":null,"em_tramitacao":false,"polemica":false,"objeto":"","complementar":false,"ementa":"Indica\u00e7\u00e3o n\u00ba 222, de autoria da Vereadora Sthella Almeida, \u201cIndica ao Chefe do Poder Executivo Municipal a possibilidade para a realiza\u00e7\u00e3o de manuten\u00e7\u00e3o nos refletores da pra\u00e7a da baixada.\u201d","indexacao":"","observacao":"","resultado":"","texto_original":null,"data_ultima_atualizacao":"2025-10-16T09:09:27.052925-04:00","ip":"201.94.146.152","ultima_edicao":"2025-10-16T09:08:44.775225-04:00","tipo":18,"regime_tramitacao":1,"tipo_origem_externa":null,"local_origem_externa":null,"user":3,"anexadas":[],"autores":[30]}