{"id":300,"__str__":"Indica\u00e7\u00f5es n\u00ba 217 de 2025","link_detail_backend":"/materia/300","metadata":{},"numero":217,"ano":2025,"numero_protocolo":null,"data_apresentacao":"2025-05-26","tipo_apresentacao":"E","data_publicacao":null,"numero_origem_externa":"","ano_origem_externa":null,"data_origem_externa":null,"apelido":"","dias_prazo":null,"data_fim_prazo":null,"em_tramitacao":false,"polemica":false,"objeto":"","complementar":false,"ementa":"Indica\u00e7\u00e3o n\u00ba 217, de autoria do Vereador Orlando Costa, \u201cSolicitar com urg\u00eancia a realiza\u00e7\u00e3o de servi\u00e7o de tapa-buracos no setor 4 nos trechos das Ruas: Paran\u00e1, na Avenida Dom Pedro. E tamb\u00e9m na rua Jorge Teixeira, no trecho entre a Avenida Dom Pedro e a Rua Minas Gerais. \u201d","indexacao":"","observacao":"","resultado":"","texto_original":null,"data_ultima_atualizacao":"2025-10-16T09:05:24.434998-04:00","ip":"201.94.146.152","ultima_edicao":"2025-10-16T09:04:47.244766-04:00","tipo":18,"regime_tramitacao":1,"tipo_origem_externa":null,"local_origem_externa":null,"user":3,"anexadas":[],"autores":[28]}