{"id":27,"__str__":"Indica\u00e7\u00f5es n\u00ba 7 de 2025","link_detail_backend":"/materia/27","metadata":{},"numero":7,"ano":2025,"numero_protocolo":null,"data_apresentacao":"2025-02-02","tipo_apresentacao":"E","data_publicacao":null,"numero_origem_externa":"","ano_origem_externa":null,"data_origem_externa":null,"apelido":"","dias_prazo":null,"data_fim_prazo":null,"em_tramitacao":false,"polemica":false,"objeto":"","complementar":false,"ementa":"Indica\u00e7\u00e3o n\u00ba  07, de Autoria da Vereadora Sthella de Almeida, \u201cSolicita provid\u00eancias para a constru\u00e7\u00e3o de paradas de \u00f4nibus escolares em pontos estrat\u00e9gicos de Jaru.","indexacao":"Constru\u00e7\u00e3o de paradas de \u00f4nibus escolares em pontos estrat\u00e9gicos de Jaru.","observacao":"","resultado":"","texto_original":"http://sapl.jaru.ro.leg.br/media/sapl/public/materialegislativa/2025/27/cmj_indicacao-1_4.pdf","data_ultima_atualizacao":"2025-07-22T11:16:11.343498-04:00","ip":"201.94.146.152","ultima_edicao":"2025-07-22T11:07:30.441848-04:00","tipo":18,"regime_tramitacao":1,"tipo_origem_externa":null,"local_origem_externa":null,"user":3,"anexadas":[],"autores":[30]}