{"id":24,"__str__":"Indica\u00e7\u00f5es n\u00ba 4 de 2025","link_detail_backend":"/materia/24","metadata":{},"numero":4,"ano":2025,"numero_protocolo":null,"data_apresentacao":"2025-02-02","tipo_apresentacao":"","data_publicacao":null,"numero_origem_externa":"","ano_origem_externa":null,"data_origem_externa":null,"apelido":"","dias_prazo":null,"data_fim_prazo":null,"em_tramitacao":false,"polemica":false,"objeto":"","complementar":false,"ementa":"Indica\u00e7\u00e3o n\u00ba  04, de Autoria da Vereadora e Presidente  Tatiane da Sa\u00fade, \u201cSolicita ao Chefe do Poder Executivo a cria\u00e7\u00e3o de sala de acolhimento para pessoas com autismo.","indexacao":"Cria\u00e7\u00e3o de sala de acolhimento para pessoas com autismo","observacao":"","resultado":"","texto_original":"http://sapl.jaru.ro.leg.br/media/sapl/public/materialegislativa/2025/24/cmj_indicacao-1_4.pdf","data_ultima_atualizacao":"2025-07-22T10:41:03.577309-04:00","ip":"201.94.146.152","ultima_edicao":"2025-07-22T10:39:10.402929-04:00","tipo":18,"regime_tramitacao":1,"tipo_origem_externa":null,"local_origem_externa":null,"user":3,"anexadas":[],"autores":[16]}