{"id":229,"__str__":"Proposta de Emenda a Lei Org\u00e2nica n\u00ba 26 de 2025","link_detail_backend":"/materia/229","metadata":{},"numero":26,"ano":2025,"numero_protocolo":null,"data_apresentacao":"2025-09-22","tipo_apresentacao":"E","data_publicacao":null,"numero_origem_externa":"","ano_origem_externa":null,"data_origem_externa":null,"apelido":"","dias_prazo":null,"data_fim_prazo":null,"em_tramitacao":true,"polemica":false,"objeto":"","complementar":false,"ementa":"PROPOSTA DE EMENDA \u00c0 LEI ORG\u00c2NICA N\u00ba 26, de 12 de setembro de 2025, de autoria do Poder Executivo que Altera a Lei Org\u00e2nica do Munic\u00edpio de Jaru/RO.","indexacao":"Altera a Lei Org\u00e2nica do Munic\u00edpio de Jaru/RO.","observacao":"PROPOSTA DE EMENDA \u00c0 LEI ORG\u00c2NICA N\u00ba 26,","resultado":"","texto_original":"http://sapl.jaru.ro.leg.br/media/sapl/public/materialegislativa/2025/229/ja_foi_enviado_para_os_vereadores_proposta_de_emenda_a_lei_organica_no_26.pdf","data_ultima_atualizacao":"2025-09-25T07:40:15.909730-04:00","ip":"201.94.146.152","ultima_edicao":"2025-09-25T07:37:03.558919-04:00","tipo":3,"regime_tramitacao":1,"tipo_origem_externa":null,"local_origem_externa":null,"user":3,"anexadas":[],"autores":[7]}