{"id":222,"__str__":"Ata da Sess\u00e3o Extraordin\u00e1ria n\u00ba 26 de 2025","link_detail_backend":"/materia/222","metadata":{},"numero":26,"ano":2025,"numero_protocolo":null,"data_apresentacao":"2025-08-11","tipo_apresentacao":"E","data_publicacao":null,"numero_origem_externa":"","ano_origem_externa":null,"data_origem_externa":null,"apelido":"","dias_prazo":null,"data_fim_prazo":null,"em_tramitacao":false,"polemica":false,"objeto":"","complementar":false,"ementa":"ATA DA 26\u00aa SESS\u00c3O EXTRAORDIN\u00c1RIA DA C\u00c2MARA MUNICIPAL DE JARU/RO, DA 1\u00aa SESS\u00c3O LEGISLATIVA,\r\nDA 11\u00aa LEGISLATURA.","indexacao":"ATA DA 26\u00aa SESS\u00c3O EXTRAORDIN\u00c1RIA DA C\u00c2MARA MUNICIPAL DE JARU/RO, DA 1\u00aa SESS\u00c3O LEGISLATIVA,\r\nDA 11\u00aa LEGISLATURA.","observacao":"","resultado":"","texto_original":"http://sapl.jaru.ro.leg.br/media/sapl/public/materialegislativa/2025/222/cmj_ata-26_1.pdf","data_ultima_atualizacao":"2025-08-21T11:37:20.491793-04:00","ip":"201.94.146.152","ultima_edicao":"2025-08-21T11:36:36.568214-04:00","tipo":12,"regime_tramitacao":3,"tipo_origem_externa":null,"local_origem_externa":null,"user":3,"anexadas":[],"autores":[16]}