{"id":221,"__str__":"Ata da Sess\u00e3o Extraordin\u00e1ria n\u00ba 25 de 2025","link_detail_backend":"/materia/221","metadata":{},"numero":25,"ano":2025,"numero_protocolo":null,"data_apresentacao":"2025-08-04","tipo_apresentacao":"E","data_publicacao":null,"numero_origem_externa":"","ano_origem_externa":null,"data_origem_externa":null,"apelido":"","dias_prazo":null,"data_fim_prazo":null,"em_tramitacao":false,"polemica":false,"objeto":"","complementar":false,"ementa":"Ata da 25\u00aa Sess\u00e3o Extraordin\u00e1ria da C\u00e2mara Municipal de Jaru/RO, da 1\u00aa sess\u00e3o legislativa, da 11\u00aa\r\nlegislatura.","indexacao":"Ata da 25\u00aa Sess\u00e3o Extraordin\u00e1ria da C\u00e2mara Municipal de Jaru/RO, da 1\u00aa sess\u00e3o legislativa, da 11\u00aa\r\nlegislatura.","observacao":"","resultado":"","texto_original":"http://sapl.jaru.ro.leg.br/media/sapl/public/materialegislativa/2025/221/cmj_ata-25_2.pdf","data_ultima_atualizacao":"2025-08-21T11:36:32.722403-04:00","ip":"201.94.146.152","ultima_edicao":"2025-08-21T11:35:30.313023-04:00","tipo":12,"regime_tramitacao":3,"tipo_origem_externa":null,"local_origem_externa":null,"user":3,"anexadas":[],"autores":[16]}