{"id":20,"__str__":"Projeto de Lei n\u00ba 456 de 2025","link_detail_backend":"/materia/20","metadata":{},"numero":456,"ano":2025,"numero_protocolo":null,"data_apresentacao":"2025-04-02","tipo_apresentacao":"E","data_publicacao":"2025-04-24","numero_origem_externa":"456","ano_origem_externa":2025,"data_origem_externa":null,"apelido":"Mar\u00e7o Roxo","dias_prazo":null,"data_fim_prazo":"2025-04-02","em_tramitacao":false,"polemica":false,"objeto":"promover atividades e campanhas de conscientiza\u00e7\u00e3o alusivas ao \"Mar\u00e7o Roxo\"","complementar":false,"ementa":"PROJETO DE LEI N\u00ba 456, de 02 de abril de 2025, de autoria da Vereadora e Presidente Tatiane de Almeida Domingues, que Institui o \"Mar\u00e7o Roxo\" no Calend\u00e1rio Oficial do Munic\u00edpio de Jaru e d\u00e1 outras provid\u00eancias.","indexacao":"Institui o \"Mar\u00e7o Roxo\" no Calend\u00e1rio Oficial do Munic\u00edpio de Jaru e d\u00e1 outras provid\u00eancias.","observacao":"A Lei Visa a conscientiza\u00e7\u00e3o sobre a epilepsia, destacando o Dia Mundial de Conscientiza\u00e7\u00e3o da Epilepsia que \u00e9 em 26 de mar\u00e7o.\r\nA epilepsia \u00e9 uma condi\u00e7\u00e3o neurol\u00f3gica que afeta milh\u00f5es de pessoas e, apesar de sua alta incid\u00eancia, ainda \u00e9 cercada por estigmas e desinforma\u00e7\u00e3o. Muitas pessoas enfrentam preconceito e dificuldades no acesso a tratamentos adequados. O \"Mar\u00e7o Roxo\" busca sensibilizar a sociedade, combater a discrimina\u00e7\u00e3o e fortalecer a rede de apoio \u00e0s pessoas com epilepsia e seus familiares.\r\n\r\nPor meio de palestras, campanhas educativas e eventos informativos, a iniciativa visa disseminar conhecimento, promover inclus\u00e3o e garantir o acesso a atendimentos especializados. A participa\u00e7\u00e3o do Poder P\u00fablico, em parceria com institui\u00e7\u00f5es e profissionais da sa\u00fade, refor\u00e7a o compromisso com o bem-estar da popula\u00e7\u00e3o.","resultado":"","texto_original":"http://sapl.jaru.ro.leg.br/media/sapl/public/materialegislativa/2025/20/cmj_projeto_de_lei_ordinaria-1_11.pdf","data_ultima_atualizacao":"2025-07-18T11:16:33.528335-04:00","ip":"201.94.146.152","ultima_edicao":"2025-07-18T11:08:22.940791-04:00","tipo":1,"regime_tramitacao":1,"tipo_origem_externa":1,"local_origem_externa":null,"user":3,"anexadas":[],"autores":[16]}