{"id":208,"__str__":"Indica\u00e7\u00f5es n\u00ba 190 de 2025","link_detail_backend":"/materia/208","metadata":{},"numero":190,"ano":2025,"numero_protocolo":null,"data_apresentacao":"2025-04-12","tipo_apresentacao":"","data_publicacao":null,"numero_origem_externa":"","ano_origem_externa":null,"data_origem_externa":null,"apelido":"","dias_prazo":null,"data_fim_prazo":null,"em_tramitacao":false,"polemica":false,"objeto":"","complementar":false,"ementa":"Indica\u00e7\u00e3o n\u00ba 190, de autoria do Vereador Dr. \u00c9verson Queir\u00f3z, \u201cA pedido do morador Gleisson Amaral Santos, indico ao chefe do poder executivo Municipal, a possibilidade de ser feito a constru\u00e7\u00e3o de uma lombada (quebra mola) na rua Su\u00ed\u00e7a pr\u00f3ximo a resid\u00eancia N\u00ba 1139, setor Jardim Europa. \u201d","indexacao":"A pedido do morador Gleisson Amaral Santos, indico ao chefe do poder executivo Municipal, a possibilidade de ser feito a constru\u00e7\u00e3o de uma lombada (quebra mola) na rua Su\u00ed\u00e7a pr\u00f3ximo a resid\u00eancia N\u00ba 1139, setor Jardim Europa.","observacao":"","resultado":"","texto_original":null,"data_ultima_atualizacao":"2025-07-31T12:52:08.967976-04:00","ip":"201.94.146.152","ultima_edicao":"2025-07-31T12:50:59.329163-04:00","tipo":18,"regime_tramitacao":1,"tipo_origem_externa":null,"local_origem_externa":null,"user":3,"anexadas":[],"autores":[22]}