{"id":200,"__str__":"Indica\u00e7\u00f5es n\u00ba 182 de 2025","link_detail_backend":"/materia/200","metadata":{},"numero":182,"ano":2025,"numero_protocolo":null,"data_apresentacao":"2025-04-12","tipo_apresentacao":"E","data_publicacao":null,"numero_origem_externa":"","ano_origem_externa":null,"data_origem_externa":null,"apelido":"","dias_prazo":null,"data_fim_prazo":null,"em_tramitacao":false,"polemica":false,"objeto":"","complementar":false,"ementa":"Indica\u00e7\u00e3o n\u00ba 182, de autoria do Vereador Schimiti Patroleiro, \u201cIndica ao Chefe do Poder Executivo, que seja feita pavimenta\u00e7\u00e3o asf\u00e1ltica na seguinte rua:   C\u00e2ndido Portinari trecho entre a Dom Pedro I a Paran\u00e1. \u201d","indexacao":"\u201cIndica ao Chefe do Poder Executivo, que seja feita pavimenta\u00e7\u00e3o asf\u00e1ltica na seguinte rua:   C\u00e2ndido Portinari trecho entre a Dom Pedro I a Paran\u00e1. \u201d","observacao":"","resultado":"","texto_original":null,"data_ultima_atualizacao":"2025-07-31T11:34:14.509080-04:00","ip":"201.94.146.152","ultima_edicao":"2025-07-31T11:32:53.225646-04:00","tipo":18,"regime_tramitacao":1,"tipo_origem_externa":null,"local_origem_externa":null,"user":3,"anexadas":[],"autores":[17]}