{"id":194,"__str__":"Indica\u00e7\u00f5es n\u00ba 176 de 2025","link_detail_backend":"/materia/194","metadata":{},"numero":176,"ano":2025,"numero_protocolo":null,"data_apresentacao":"2025-04-28","tipo_apresentacao":"E","data_publicacao":null,"numero_origem_externa":"","ano_origem_externa":null,"data_origem_externa":null,"apelido":"","dias_prazo":null,"data_fim_prazo":null,"em_tramitacao":false,"polemica":false,"objeto":"","complementar":false,"ementa":"Indica\u00e7\u00e3o n\u00ba 176, de autoria da Vereadora Sthella Almeida, \u201cIndica ao Chefe do Poder Executivo Municipal a possibilidade para implanta\u00e7\u00e3o de limpeza semanal na pista de caminhada da Av. Dom Pedro. A pedido da popula\u00e7\u00e3o que utiliza o espa\u00e7o regularmente.\u201d","indexacao":"\u201cIndica ao Chefe do Poder Executivo Municipal a possibilidade para implanta\u00e7\u00e3o de limpeza semanal na pista de caminhada da Av. Dom Pedro. A pedido da popula\u00e7\u00e3o que utiliza o espa\u00e7o regularmente.\u201d","observacao":"","resultado":"","texto_original":null,"data_ultima_atualizacao":"2025-07-31T10:42:03.681407-04:00","ip":"201.94.146.152","ultima_edicao":"2025-07-31T10:40:02.426696-04:00","tipo":18,"regime_tramitacao":1,"tipo_origem_externa":null,"local_origem_externa":null,"user":3,"anexadas":[],"autores":[30]}